{"id":64428,"date":"2018-04-04T23:15:26","date_gmt":"2018-04-05T04:15:26","guid":{"rendered":"http:\/\/formalprision.com\/?p=64428"},"modified":"2018-04-04T23:15:26","modified_gmt":"2018-04-05T04:15:26","slug":"sahui-camina-en-tetiz","status":"publish","type":"post","link":"https:\/\/formalprision.com\/?p=64428","title":{"rendered":"Sahu\u00ed camina en Tetiz"},"content":{"rendered":"<p>Tetiz, Yucat\u00e1n, 4 de abril de 2018.- Entusiasmo y unidad compartieron mujeres y hombres de Tetiz al sumarse a la caminata que encabez\u00f3 en este municipio el candidato del PRI, PVEM y Panal a la gubernatura, Mauricio Sahu\u00ed Rivero, quien lleg\u00f3 a platicar con los habitantes acerca de su proyecto Primero Yucat\u00e1n.<\/p>\n<p>En cada calle por la que pasaba la columna de militantes y simpatizantes, el candidato se acercaba a las puertas de las casas para platicar a los vecinos las acciones de dicho proyecto que va a hacer la mejor versi\u00f3n de Yucat\u00e1n y tambi\u00e9n escuchaba necesidades que se tienen que atender con prioridad.<\/p>\n<p>Banderas con la frase \u00abSahu\u00ed Gobernador\u00bb, porras de \u00a1Vamos a Ganar!, aplausos y batucadas fueron parte del recorrido en el que tambi\u00e9n estuvieron la candidatas a senadora, Ver\u00f3nica Camino Farjat; y a diputada por el II distrito federal, Mar\u00eda Esther Alonso Morales.<\/p>\n<p>\u00abEs un excelente candidato, lo voy estar apoyando toda la campa\u00f1a\u00bb, asegur\u00f3 el se\u00f1or Luis Koyoc Tinal, mientras que Juana Poot Pech asegur\u00f3 que con Sahu\u00ed Rivero el PRI ganar\u00e1 la gubernatura.<\/p>\n<p>Ante los candidatos a la alcald\u00eda de Tetiz, Melesio Canch\u00e9 Ruiz; y a la diputaci\u00f3n del VIII distrito local, Enrique Castillo Ruz, el aspirante al Gobierno del Estado indic\u00f3 que para ganar es necesario sumar voluntades, no confiarse y dar a conocer las propuestas que van a mejorar a Yucat\u00e1n.<\/p>\n","protected":false},"excerpt":{"rendered":"<p>Tetiz, Yucat\u00e1n, 4 de abril de 2018.- Entusiasmo y unidad compartieron mujeres y hombres de Tetiz al sumarse a la caminata que encabez\u00f3 en este municipio el candidato del PRI,<\/p>\n","protected":false},"author":1,"featured_media":64429,"comment_status":"open","ping_status":"open","sticky":false,"template":"","format":"standard","meta":{"jetpack_post_was_ever_published":false,"_jetpack_newsletter_access":"","_jetpack_dont_email_post_to_subs":false,"_jetpack_newsletter_tier_id":0,"_jetpack_memberships_contains_paywalled_content":false,"_jetpack_memberships_contains_paid_content":false,"footnotes":"","jetpack_publicize_message":"","jetpack_publicize_feature_enabled":true,"jetpack_social_post_already_shared":true,"jetpack_social_options":{"image_generator_settings":{"template":"highway","default_image_id":0,"font":"","enabled":false},"version":2}},"categories":[14],"tags":[],"class_list":["post-64428","post","type-post","status-publish","format-standard","has-post-thumbnail","hentry","category-merida"],"jetpack_publicize_connections":[],"jetpack_featured_media_url":"https:\/\/formalprision.com\/wp-content\/uploads\/2018\/04\/IMG_9923.jpg","jetpack_sharing_enabled":true,"jetpack_shortlink":"https:\/\/wp.me\/p6id8p-gLa","_links":{"self":[{"href":"https:\/\/formalprision.com\/index.php?rest_route=\/wp\/v2\/posts\/64428","targetHints":{"allow":["GET"]}}],"collection":[{"href":"https:\/\/formalprision.com\/index.php?rest_route=\/wp\/v2\/posts"}],"about":[{"href":"https:\/\/formalprision.com\/index.php?rest_route=\/wp\/v2\/types\/post"}],"author":[{"embeddable":true,"href":"https:\/\/formalprision.com\/index.php?rest_route=\/wp\/v2\/users\/1"}],"replies":[{"embeddable":true,"href":"https:\/\/formalprision.com\/index.php?rest_route=%2Fwp%2Fv2%2Fcomments&post=64428"}],"version-history":[{"count":0,"href":"https:\/\/formalprision.com\/index.php?rest_route=\/wp\/v2\/posts\/64428\/revisions"}],"wp:featuredmedia":[{"embeddable":true,"href":"https:\/\/formalprision.com\/index.php?rest_route=\/wp\/v2\/media\/64429"}],"wp:attachment":[{"href":"https:\/\/formalprision.com\/index.php?rest_route=%2Fwp%2Fv2%2Fmedia&parent=64428"}],"wp:term":[{"taxonomy":"category","embeddable":true,"href":"https:\/\/formalprision.com\/index.php?rest_route=%2Fwp%2Fv2%2Fcategories&post=64428"},{"taxonomy":"post_tag","embeddable":true,"href":"https:\/\/formalprision.com\/index.php?rest_route=%2Fwp%2Fv2%2Ftags&post=64428"}],"curies":[{"name":"wp","href":"https:\/\/api.w.org\/{rel}","templated":true}]}}