{"id":64451,"date":"2018-04-05T19:44:38","date_gmt":"2018-04-06T00:44:38","guid":{"rendered":"http:\/\/formalprision.com\/?p=64451"},"modified":"2018-04-05T19:44:38","modified_gmt":"2018-04-06T00:44:38","slug":"asegura-cecilia-patron-que-es-obligacion-de-diputados-trabajar-contra-la-desigualdad","status":"publish","type":"post","link":"https:\/\/formalprision.com\/?p=64451","title":{"rendered":"Asegura Cecilia Patr\u00f3n que es obligaci\u00f3n de diputados trabajar contra la desigualdad"},"content":{"rendered":"<p>Cecilia Patr\u00f3n concibe a M\u00e9rida como una ciudad \u00e1vida de proyectos y dispuesta a trabajar para elevar la calidad de vida de sus mismos habitantes, principalmente quienes m\u00e1s lo necesitan.<\/p>\n<p>\u201cUna mejor ciudad es trabajo de todos, mi compromiso es dar lo mejor para elevar la calidad de vida de quienes lo necesitan\u201d, dijo a un grupo de pasajeros que descend\u00eda del cami\u00f3n de la ruta Roble Agr\u00edcola, quienes le agradecieron el saludo de la candidata a diputada federal de la coalici\u00f3n Por M\u00e9xico al Frente (PAN-MC-PRD).<\/p>\n<p>Fue una respuesta al cuestionamiento de varios de ellos sobre el tema del empleo, del autoempleo, de j\u00f3venes que desean emprender, de mujeres que luchan a diario por una mejor calidad de vida para sus hijos y por los ni\u00f1os que esperan un futuro pr\u00f3spero, temas que le fueron abordados desde el amanecer, durante un recorrido por las calles del centro de M\u00e9rida.<\/p>\n<p>Cuando el sol apenas asomaba, la candidata y un grupo de entusiastas j\u00f3venes y vecinos de varias colonias, la acompa\u00f1aron para saludar a las personas que desde esas horas llegaban o esperaban en los paraderos de autobuses para dirigirse a sus centros laborales. Tambi\u00e9n platic\u00f3 con los comerciantes y venteros de peri\u00f3dicos que ya trabajaban desde esas primeras horas.<\/p>\n<p>Ismael Garc\u00eda, un operador de camiones de la Alianza de Camioneros dijo que \u00abme da mucho gusto verla caminar por aqu\u00ed, la conozco desde hace tiempo y me gustar\u00eda que gane\u201d.<\/p>\n<p>Por su parte Edgar Javier coment\u00f3 que la candidata camin\u00f3 por su colonia el mi\u00e9rcoles y atendi\u00f3 varios reportes, \u201cse ve en ella el inter\u00e9s de ayudar y resolver cosas\u201d.<\/p>\n<p>Despu\u00e9s de eso, Patr\u00f3n Laviada se dirigi\u00f3 a la colonia Emiliano Zapata Sur y de nuevo, los vecinos aseguraban que \u201cella es ya muy conocida en el rumbo por su trabajo en todo el sur de la ciudad\u201d, dijo Florentina Dzul, quien vende peri\u00f3dicos en su casa.<\/p>\n<p>\u00abEs una zona que conozco muy bien y le tengo mucho cari\u00f1o, en la escuela primaria colaboramos con un sistema de vigilancia y trabajamos igual en el centro cultural del sur\u00bb, record\u00f3 Cecilia, quien apenas en diciembre pasado se reuni\u00f3 con madres de familia de la escuela Emiliano Zapata Sur, la primera escuela en el rumbo.<\/p>\n<p>Isela Mart\u00ednez recibi\u00f3 a Cecilia con \u00abhasta que nos volvemos a ver\u00bb, le agradeci\u00f3 la ayuda que les ha dado y espera que siga trabajando como siempre lo ha hecho. Tambi\u00e9n Nidia Alonzo, quien es due\u00f1a de la tienda \u00abcasi la esquina\u00bb dijo que conoce a la candidata y agradece su trabajo ya que ha ayudado a los ni\u00f1os de la zona.<\/p>\n<p>Durante esta jornada, la aspirante a diputada federal indic\u00f3 que con cada vecino ha hecho un pacto: trabajar para que salgan adelante las familias de la zona y que su entorno tambi\u00e9n se desarrolle favorablemente. (Comunicado de Prensa)<\/p>\n","protected":false},"excerpt":{"rendered":"<p>Cecilia Patr\u00f3n concibe a M\u00e9rida como una ciudad \u00e1vida de proyectos y dispuesta a trabajar para elevar la calidad de vida de sus mismos habitantes, principalmente quienes m\u00e1s lo necesitan.<\/p>\n","protected":false},"author":1,"featured_media":64452,"comment_status":"open","ping_status":"open","sticky":false,"template":"","format":"standard","meta":{"jetpack_post_was_ever_published":false,"_jetpack_newsletter_access":"","_jetpack_dont_email_post_to_subs":false,"_jetpack_newsletter_tier_id":0,"_jetpack_memberships_contains_paywalled_content":false,"_jetpack_memberships_contains_paid_content":false,"footnotes":"","jetpack_publicize_message":"","jetpack_publicize_feature_enabled":true,"jetpack_social_post_already_shared":true,"jetpack_social_options":{"image_generator_settings":{"template":"highway","default_image_id":0,"font":"","enabled":false},"version":2}},"categories":[14],"tags":[],"class_list":["post-64451","post","type-post","status-publish","format-standard","has-post-thumbnail","hentry","category-merida"],"jetpack_publicize_connections":[],"jetpack_featured_media_url":"https:\/\/formalprision.com\/wp-content\/uploads\/2018\/04\/6335451A-3F80-49DE-8394-EB4D3BD15902.jpeg","jetpack_sharing_enabled":true,"jetpack_shortlink":"https:\/\/wp.me\/p6id8p-gLx","_links":{"self":[{"href":"https:\/\/formalprision.com\/index.php?rest_route=\/wp\/v2\/posts\/64451","targetHints":{"allow":["GET"]}}],"collection":[{"href":"https:\/\/formalprision.com\/index.php?rest_route=\/wp\/v2\/posts"}],"about":[{"href":"https:\/\/formalprision.com\/index.php?rest_route=\/wp\/v2\/types\/post"}],"author":[{"embeddable":true,"href":"https:\/\/formalprision.com\/index.php?rest_route=\/wp\/v2\/users\/1"}],"replies":[{"embeddable":true,"href":"https:\/\/formalprision.com\/index.php?rest_route=%2Fwp%2Fv2%2Fcomments&post=64451"}],"version-history":[{"count":0,"href":"https:\/\/formalprision.com\/index.php?rest_route=\/wp\/v2\/posts\/64451\/revisions"}],"wp:featuredmedia":[{"embeddable":true,"href":"https:\/\/formalprision.com\/index.php?rest_route=\/wp\/v2\/media\/64452"}],"wp:attachment":[{"href":"https:\/\/formalprision.com\/index.php?rest_route=%2Fwp%2Fv2%2Fmedia&parent=64451"}],"wp:term":[{"taxonomy":"category","embeddable":true,"href":"https:\/\/formalprision.com\/index.php?rest_route=%2Fwp%2Fv2%2Fcategories&post=64451"},{"taxonomy":"post_tag","embeddable":true,"href":"https:\/\/formalprision.com\/index.php?rest_route=%2Fwp%2Fv2%2Ftags&post=64451"}],"curies":[{"name":"wp","href":"https:\/\/api.w.org\/{rel}","templated":true}]}}