{"id":64455,"date":"2018-04-05T23:06:16","date_gmt":"2018-04-06T04:06:16","guid":{"rendered":"http:\/\/formalprision.com\/?p=64455"},"modified":"2018-04-05T23:06:16","modified_gmt":"2018-04-06T04:06:16","slug":"gobierno-abierto-y-participacion-social-activa-sahui","status":"publish","type":"post","link":"https:\/\/formalprision.com\/?p=64455","title":{"rendered":"Gobierno abierto y participaci\u00f3n social activa: Sahu\u00ed"},"content":{"rendered":"<p class=\"x_MsoNormal\">M\u00e9rida, Yucat\u00e1n, 5 de abril de 2018.- Al suscribir su compromiso en favor de la transparencia y el combate a la corrupci\u00f3n, el candidato del PRI, PVEM y Panal a la gubernatura, Mauricio Sahu\u00ed Rivero, se pronunci\u00f3 en favor de un gobierno abierto que privilegie la participaci\u00f3n de la sociedad en los procesos de dise\u00f1o, implementaci\u00f3n y evaluaci\u00f3n de las pol\u00edticas p\u00fablicas.<\/p>\n<p class=\"x_MsoNormal\">En un encuentro convocado por el Colectivo \u00a1Ya Basta\u00a1 el ex Secretario de Desarrollo Social destac\u00f3 que su gesti\u00f3n sustentar\u00e1 su funcionamiento en el rigor t\u00e9cnico metodol\u00f3gico y en el trabajo profesional.<\/p>\n<p class=\"x_MsoNormal\">\u201cResultar\u00e1 fundamental es el establecimiento de una pol\u00edtica p\u00fablica de datos abierto que permita el fortalecimiento de la relaci\u00f3n entre ciudadano y gobierno y que tengan como ejes rectores la transparencia, la participaci\u00f3n y la colaboraci\u00f3n para la resoluci\u00f3n de problemas p\u00fablicos\u201d explic\u00f3.<\/p>\n<p class=\"x_MsoNormal\">En ese sentido, el abanderado detall\u00f3 que uno de los grandes ejes de su proyecto \u201cYucat\u00e1n Primero\u201d propone una administraci\u00f3n que tome en cuenta a la sociedad y le rinda cuentas, que sume a la ciudadan\u00eda en el diagn\u00f3stico de las necesidades y en la construcci\u00f3n de las soluciones.<\/p>\n<p class=\"x_MsoNormal\">Asimismo, Sahu\u00ed Rivero indic\u00f3 que para consolidar la mejor versi\u00f3n de Yucat\u00e1n continuar\u00e1 dialogando de manera cercana y haciendo alianzas con la sociedad civil, los sectores productivos, acad\u00e9micos y ciudadanos de las diferentes colonias y comunidades de la entidad.<\/p>\n<p class=\"x_MsoNormal\">\u201cCon orden y disciplina, estrategia y capacidad de implementaci\u00f3n con resultados y trascendencia, tendremos finanzas p\u00fablicas sanas, buenas finanzas que permitan tomar las mejores decisiones para nuestro estado. Invertir con inteligencia, invertir con estrategia, invertir con planificaci\u00f3n de mediano y largo plazo\u201d, se\u00f1al\u00f3.<\/p>\n<p class=\"x_MsoNormal\">En la reuni\u00f3n, en el que tambi\u00e9n estuvieron presentes los candidatos del PAN y Movimiento Ciudadano, Mauricio Vila Dosal; de Morena, PT y PES, Joaqu\u00edn D\u00edaz Mena, y del PRD, Jorge Zavala Castro, la integrante del grupo promotor, Marysol Canto Ortiz, expuso los pormenores del proyecto.<\/p>\n<p class=\"x_MsoNormal\">Entre los compromisos que establece dicho documento se encuentran dise\u00f1ar y poner en marcha durante el primer a\u00f1o de gobierno un programa de contralor\u00eda social como herramienta de empoderamiento ciudadano; darle m\u00e1xima publicidad de la nueva ley de responsabilidades administrativas, y adoptar un modelo abierto de gesti\u00f3n estatal.<\/p>\n","protected":false},"excerpt":{"rendered":"<p>M\u00e9rida, Yucat\u00e1n, 5 de abril de 2018.- Al suscribir su compromiso en favor de la transparencia y el combate a la corrupci\u00f3n, el candidato del PRI, PVEM y Panal a<\/p>\n","protected":false},"author":1,"featured_media":64456,"comment_status":"open","ping_status":"open","sticky":false,"template":"","format":"standard","meta":{"jetpack_post_was_ever_published":false,"_jetpack_newsletter_access":"","_jetpack_dont_email_post_to_subs":false,"_jetpack_newsletter_tier_id":0,"_jetpack_memberships_contains_paywalled_content":false,"_jetpack_memberships_contains_paid_content":false,"footnotes":"","jetpack_publicize_message":"","jetpack_publicize_feature_enabled":true,"jetpack_social_post_already_shared":true,"jetpack_social_options":{"image_generator_settings":{"template":"highway","default_image_id":0,"font":"","enabled":false},"version":2}},"categories":[17],"tags":[],"class_list":["post-64455","post","type-post","status-publish","format-standard","has-post-thumbnail","hentry","category-politica-y-gobierno"],"jetpack_publicize_connections":[],"jetpack_featured_media_url":"https:\/\/formalprision.com\/wp-content\/uploads\/2018\/04\/thumbnail_MSR_DEBATE_CANDIDATOS_YA-BASTA-16.jpg","jetpack_sharing_enabled":true,"jetpack_shortlink":"https:\/\/wp.me\/p6id8p-gLB","_links":{"self":[{"href":"https:\/\/formalprision.com\/index.php?rest_route=\/wp\/v2\/posts\/64455","targetHints":{"allow":["GET"]}}],"collection":[{"href":"https:\/\/formalprision.com\/index.php?rest_route=\/wp\/v2\/posts"}],"about":[{"href":"https:\/\/formalprision.com\/index.php?rest_route=\/wp\/v2\/types\/post"}],"author":[{"embeddable":true,"href":"https:\/\/formalprision.com\/index.php?rest_route=\/wp\/v2\/users\/1"}],"replies":[{"embeddable":true,"href":"https:\/\/formalprision.com\/index.php?rest_route=%2Fwp%2Fv2%2Fcomments&post=64455"}],"version-history":[{"count":0,"href":"https:\/\/formalprision.com\/index.php?rest_route=\/wp\/v2\/posts\/64455\/revisions"}],"wp:featuredmedia":[{"embeddable":true,"href":"https:\/\/formalprision.com\/index.php?rest_route=\/wp\/v2\/media\/64456"}],"wp:attachment":[{"href":"https:\/\/formalprision.com\/index.php?rest_route=%2Fwp%2Fv2%2Fmedia&parent=64455"}],"wp:term":[{"taxonomy":"category","embeddable":true,"href":"https:\/\/formalprision.com\/index.php?rest_route=%2Fwp%2Fv2%2Fcategories&post=64455"},{"taxonomy":"post_tag","embeddable":true,"href":"https:\/\/formalprision.com\/index.php?rest_route=%2Fwp%2Fv2%2Ftags&post=64455"}],"curies":[{"name":"wp","href":"https:\/\/api.w.org\/{rel}","templated":true}]}}