{"id":64461,"date":"2018-04-06T02:56:53","date_gmt":"2018-04-06T07:56:53","guid":{"rendered":"http:\/\/formalprision.com\/?p=64461"},"modified":"2018-04-06T10:23:07","modified_gmt":"2018-04-06T15:23:07","slug":"meridano-recibe-un-ano-de-carcel-por-conducta-machista","status":"publish","type":"post","link":"https:\/\/formalprision.com\/?p=64461","title":{"rendered":"Meridano recibe un a\u00f1o de c\u00e1rcel por conducta machista"},"content":{"rendered":"<p>El Tribunal Primero de Enjuiciamiento conden\u00f3 a 1 a\u00f1o de prisi\u00f3n a Jos\u00e9 Antonio Villanueva Concha, acusado de llevarse a su hijo pese a que no ten\u00eda la custodia-<\/p>\n<p>Fue hallado responsable del delito de sustracci\u00f3n de menores, denunciado por Mariana Guillermo-<\/p>\n<p>El sujeto igualmente fue condenado \u00a0a pagar una multa de 5 mil pesos, que pueden ser sustituidos por 182 jornadas de trabajo a favor de la comunidad.<\/p>\n<p>Tambi\u00e9n \u00a0se le amonest\u00f3 p\u00fablicamente; suspendi\u00f3 sus derechos pol\u00edticos; le otorgaron algunos beneficios, y se le sancion\u00f3 a la reparaci\u00f3n del da\u00f1o de manera gen\u00e9rica.<\/p>\n<p>El delito de sustracci\u00f3n de menores se castiga con pena de 3 meses a 3 a\u00f1os de prisi\u00f3n y de 10 a 60 d\u00edas multa.<\/p>\n<p>Sin embargo, cuando se devuelve el menor antes de la etapa intermedia, se le impondr\u00e1 al infractor hasta una tercera parte de las penas se\u00f1aladas, es decir, de 1 mes a 2 a\u00f1os de c\u00e1rcel.<\/p>\n<p>Seg\u00fan el expediente, la pareja estuvo civilmente casada y de su uni\u00f3n procrearon a un ni\u00f1o.<\/p>\n<p>En noviembre del 2015, debido a problemas de violencia con el imputado, la mujer se separ\u00f3.<\/p>\n<p>Ya separados, Villanueva Concha manten\u00eda contacto con el menor, ya que acud\u00eda a buscarlo los viernes a la escuela donde estudiaba y se lo llevaba el fin de semana, devolvi\u00e9ndolo el lunes.<\/p>\n<p>Estuvieron por un tiempo as\u00ed, hasta que el 15 de enero de 2016, firmaron ante el Centro Estatal de Soluci\u00f3n de Controversias del Poder Judicial del Estado de Yucat\u00e1n un convenio, por medio del cual acordaron que era su voluntad disolver su v\u00ednculo matrimonial.<\/p>\n<p>En los acuerdos destacaba la custodia del menor, la cual la tendr\u00eda la madre y habitar\u00eda con ella.<\/p>\n<p>El sujeto, ese mismo d\u00eda, acudi\u00f3 a buscar al menor de edad, como se hab\u00eda acordado, y a las 2 de la tarde llam\u00f3 a la querellante dici\u00e9ndole que \u201cya no volver\u00eda a ver a su hijo, ya que no merec\u00eda rehacer su vida\u201d, porque como era una mujer separada tendr\u00eda una conducta licenciosa y no ser\u00eda un buen ejemplo para el ni\u00f1o.<\/p>\n<p>&nbsp;<\/p>\n","protected":false},"excerpt":{"rendered":"<p>El Tribunal Primero de Enjuiciamiento conden\u00f3 a 1 a\u00f1o de prisi\u00f3n a Jos\u00e9 Antonio Villanueva Concha, acusado de llevarse a su hijo pese a que no ten\u00eda la custodia- Fue<\/p>\n","protected":false},"author":1,"featured_media":64462,"comment_status":"open","ping_status":"open","sticky":false,"template":"","format":"standard","meta":{"jetpack_post_was_ever_published":false,"_jetpack_newsletter_access":"","_jetpack_dont_email_post_to_subs":false,"_jetpack_newsletter_tier_id":0,"_jetpack_memberships_contains_paywalled_content":false,"_jetpack_memberships_contains_paid_content":false,"footnotes":"","jetpack_publicize_message":"","jetpack_publicize_feature_enabled":true,"jetpack_social_post_already_shared":true,"jetpack_social_options":{"image_generator_settings":{"template":"highway","default_image_id":0,"font":"","enabled":false},"version":2}},"categories":[1,54],"tags":[],"class_list":["post-64461","post","type-post","status-publish","format-standard","has-post-thumbnail","hentry","category-sin-categoria","category-yucatan"],"jetpack_publicize_connections":[],"jetpack_featured_media_url":"https:\/\/formalprision.com\/wp-content\/uploads\/2018\/04\/padre-hijo.grande.jpg","jetpack_sharing_enabled":true,"jetpack_shortlink":"https:\/\/wp.me\/p6id8p-gLH","_links":{"self":[{"href":"https:\/\/formalprision.com\/index.php?rest_route=\/wp\/v2\/posts\/64461","targetHints":{"allow":["GET"]}}],"collection":[{"href":"https:\/\/formalprision.com\/index.php?rest_route=\/wp\/v2\/posts"}],"about":[{"href":"https:\/\/formalprision.com\/index.php?rest_route=\/wp\/v2\/types\/post"}],"author":[{"embeddable":true,"href":"https:\/\/formalprision.com\/index.php?rest_route=\/wp\/v2\/users\/1"}],"replies":[{"embeddable":true,"href":"https:\/\/formalprision.com\/index.php?rest_route=%2Fwp%2Fv2%2Fcomments&post=64461"}],"version-history":[{"count":0,"href":"https:\/\/formalprision.com\/index.php?rest_route=\/wp\/v2\/posts\/64461\/revisions"}],"wp:featuredmedia":[{"embeddable":true,"href":"https:\/\/formalprision.com\/index.php?rest_route=\/wp\/v2\/media\/64462"}],"wp:attachment":[{"href":"https:\/\/formalprision.com\/index.php?rest_route=%2Fwp%2Fv2%2Fmedia&parent=64461"}],"wp:term":[{"taxonomy":"category","embeddable":true,"href":"https:\/\/formalprision.com\/index.php?rest_route=%2Fwp%2Fv2%2Fcategories&post=64461"},{"taxonomy":"post_tag","embeddable":true,"href":"https:\/\/formalprision.com\/index.php?rest_route=%2Fwp%2Fv2%2Ftags&post=64461"}],"curies":[{"name":"wp","href":"https:\/\/api.w.org\/{rel}","templated":true}]}}