{"id":64477,"date":"2018-04-06T21:18:00","date_gmt":"2018-04-07T02:18:00","guid":{"rendered":"http:\/\/formalprision.com\/?p=64477"},"modified":"2018-04-06T21:18:00","modified_gmt":"2018-04-07T02:18:00","slug":"decidido-victor-caballero-a-poner-orden-al-caos-en-la-expansion-de-merida","status":"publish","type":"post","link":"https:\/\/formalprision.com\/?p=64477","title":{"rendered":"Decidido V\u00edctor Caballero a poner orden al caos en la expansi\u00f3n de M\u00e9rida"},"content":{"rendered":"<p>M\u00e9rida 6 de abril de 2018.- El candidato a la alcald\u00eda de M\u00e9rida, V\u00edctor Caballero Dur\u00e1n, coincidi\u00f3 con expertos en desarrollo urbano y en planeaci\u00f3n de ciudades en poner un alto al desorden en la edificaci\u00f3n de fraccionamientos y ordenar el crecimiento urbano de la capital del estado con visi\u00f3n de largo plazo.<\/p>\n<p>Luego de escuchar las opiniones y planteamientos en un encuentro tem\u00e1tico, Caballero Dur\u00e1n sostuvo que es impostergable corregir esas inercias y pr\u00e1cticas que reflejan la ausencia de una aut\u00e9ntica planeaci\u00f3n y la aplicaci\u00f3n de las leyes en la materia y darle una nueva y mejor direcci\u00f3n a este crecimiento<\/p>\n<p>Los expertos coincidieron en se\u00f1alar que la ciudad de M\u00e9rida crece a ritmos acelerados en su poblaci\u00f3n, por lo que no es posible seguir con esta desordenada expansi\u00f3n de la mancha urbana que afecta la prestaci\u00f3n oportuna y de calidad de los servicios p\u00fablicos.<\/p>\n<p>Durante el encuentro, el candidato a gobernar la capital del estado mencion\u00f3 que la ciudad creci\u00f3 en 25 a\u00f1os, de 670 mil a casi un mill\u00f3n de habitantes y para el 2030 se espera alcanzar la cifra de 1.4 millones.<\/p>\n<p>\u201cSi seguimos creciendo de esta forma, en los siguientes a\u00f1os, los municipios de la zona metropolitana estaremos rebasados en la prestaci\u00f3n de servicios p\u00fablicos, porque habr\u00e1n cerca de 500 mil viviendas, y tendremos nuestras calles saturadas por m\u00e1s 1.1 millones de veh\u00edculos\u201d, advirti\u00f3 Caballero Dur\u00e1n.<\/p>\n<p>Advirti\u00f3 que esta expansi\u00f3n y falta de planeaci\u00f3n podr\u00edan ocasionar\u00e1n tambi\u00e9n da\u00f1os ambientales, perdida de espacios verdes y contaminaci\u00f3n del agua. De seguir as\u00ed, es muy probable que batallemos para obtener agua limpia dentro de unos a\u00f1os, puntualiz\u00f3.<\/p>\n<p>Se trata de planear c\u00f3mo queremos a M\u00e9rida en 2030 para que las siguientes generaciones tengan una ciudad que tenga como eje rector la sustentabilidad, subray\u00f3 el candidato en respuesta a las inquietudes expresadas por especialistas en desarrollo urbano.<\/p>\n<p>Reiter\u00f3 su planteamiento de consolidar un Gran Pacto Metropolitano, donde los municipios conurbados de Um\u00e1n, Kanas\u00edn, Conkal, Uc\u00fa, Progreso y Tixp\u00e9hual puedan a acordar con M\u00e9rida un plan a largo plazo para un desarrollo ordenado, equilibrado y pr\u00f3spero.<\/p>\n<p>\u201cM\u00e9rida ser\u00e1 la ciudad que encabece la solidaridad entre los territorios. Haremos que cada una de las fortalezas municipales se traduzcan en ventajas regionales y estatales\u201d, recalc\u00f3 el candidato al Ayuntamiento de M\u00e9rida, al expresar la posibilidad de darle una nueva direcci\u00f3n a las pol\u00edticas de desarrollo urbano.<\/p>\n<p>\u201cTrabajemos con el gobierno estatal para que, con su respaldo, los municipios de la regi\u00f3n nos unamos en torno a prop\u00f3sitos de desarrollo comunes con un enfoque metropolitano\u201d, subray\u00f3 Caballero Dur\u00e1n en la exposici\u00f3n de sus propuestas de gobierno.<\/p>\n<p>En el encuentro, los asistentes expresaron su inter\u00e9s de contribuir a definir la propuesta de crecimiento sustentable para la ciudad del candidato a la alcald\u00eda de M\u00e9rida. (Comunicado de Prensa)<\/p>\n","protected":false},"excerpt":{"rendered":"<p>M\u00e9rida 6 de abril de 2018.- El candidato a la alcald\u00eda de M\u00e9rida, V\u00edctor Caballero Dur\u00e1n, coincidi\u00f3 con expertos en desarrollo urbano y en planeaci\u00f3n de ciudades en poner un<\/p>\n","protected":false},"author":1,"featured_media":64478,"comment_status":"open","ping_status":"open","sticky":false,"template":"","format":"standard","meta":{"jetpack_post_was_ever_published":false,"_jetpack_newsletter_access":"","_jetpack_dont_email_post_to_subs":false,"_jetpack_newsletter_tier_id":0,"_jetpack_memberships_contains_paywalled_content":false,"_jetpack_memberships_contains_paid_content":false,"footnotes":"","jetpack_publicize_message":"","jetpack_publicize_feature_enabled":true,"jetpack_social_post_already_shared":true,"jetpack_social_options":{"image_generator_settings":{"template":"highway","default_image_id":0,"font":"","enabled":false},"version":2}},"categories":[14],"tags":[],"class_list":["post-64477","post","type-post","status-publish","format-standard","has-post-thumbnail","hentry","category-merida"],"jetpack_publicize_connections":[],"jetpack_featured_media_url":"https:\/\/formalprision.com\/wp-content\/uploads\/2018\/04\/IMG_9951.jpg","jetpack_sharing_enabled":true,"jetpack_shortlink":"https:\/\/wp.me\/p6id8p-gLX","_links":{"self":[{"href":"https:\/\/formalprision.com\/index.php?rest_route=\/wp\/v2\/posts\/64477","targetHints":{"allow":["GET"]}}],"collection":[{"href":"https:\/\/formalprision.com\/index.php?rest_route=\/wp\/v2\/posts"}],"about":[{"href":"https:\/\/formalprision.com\/index.php?rest_route=\/wp\/v2\/types\/post"}],"author":[{"embeddable":true,"href":"https:\/\/formalprision.com\/index.php?rest_route=\/wp\/v2\/users\/1"}],"replies":[{"embeddable":true,"href":"https:\/\/formalprision.com\/index.php?rest_route=%2Fwp%2Fv2%2Fcomments&post=64477"}],"version-history":[{"count":0,"href":"https:\/\/formalprision.com\/index.php?rest_route=\/wp\/v2\/posts\/64477\/revisions"}],"wp:featuredmedia":[{"embeddable":true,"href":"https:\/\/formalprision.com\/index.php?rest_route=\/wp\/v2\/media\/64478"}],"wp:attachment":[{"href":"https:\/\/formalprision.com\/index.php?rest_route=%2Fwp%2Fv2%2Fmedia&parent=64477"}],"wp:term":[{"taxonomy":"category","embeddable":true,"href":"https:\/\/formalprision.com\/index.php?rest_route=%2Fwp%2Fv2%2Fcategories&post=64477"},{"taxonomy":"post_tag","embeddable":true,"href":"https:\/\/formalprision.com\/index.php?rest_route=%2Fwp%2Fv2%2Ftags&post=64477"}],"curies":[{"name":"wp","href":"https:\/\/api.w.org\/{rel}","templated":true}]}}