{"id":6449,"date":"2012-09-26T01:48:00","date_gmt":"2012-09-26T01:48:00","guid":{"rendered":"http:\/\/formalprision.info\/2012\/09\/26\/ivonne-ortega-adelanto-pago-de-la\/"},"modified":"2015-06-03T08:50:06","modified_gmt":"2015-06-03T08:50:06","slug":"ivonne-ortega-adelanto-pago-de-la","status":"publish","type":"post","link":"https:\/\/formalprision.com\/?p=6449","title":{"rendered":"Ivonne Ortega adelant\u00f3 pago de la quincena a los bur\u00f3cr\u00e1tas como regalo de fin de su mandato"},"content":{"rendered":"<p><\/p>\n<div class=\"separator\" style=\"clear: both; text-align: center;\">\n<a href=\"http:\/\/2.bp.blogspot.com\/-xZR39KNnnIw\/UGJetUdmT_I\/AAAAAAAALNo\/V9u3WSSWhOM\/s1600\/aaaivonne.jpg\" imageanchor=\"1\" style=\"margin-left: 1em; margin-right: 1em;\"><img loading=\"lazy\" decoding=\"async\" border=\"0\" height=\"218\" src=\"http:\/\/formalprision.com\/wp-content\/uploads\/2012\/09\/aaaivonne.jpg\" width=\"320\" \/><\/a><\/div>\n<div class=\"MsoNormal\" style=\"text-align: justify;\">\nComo regalo de fin de gobierno, el Ejecutivo estatal adelant\u00f3<br \/>\nel pago de la quincena a todos los bur\u00f3cratas.<\/div>\n<div class=\"MsoNormal\" style=\"background-color: white; background-position: initial initial; background-repeat: initial initial; margin-bottom: 0.0001pt;\">\nAyer y hoy, todos los bur\u00f3cratas recibieron el pago de<br \/>\nla \u00faltima quincena de esta administraci\u00f3n,<\/div>\n<div class=\"MsoNormal\" style=\"background-color: white; background-position: initial initial; background-repeat: initial initial; margin-bottom: 0.0001pt;\">\nEl pago incluy\u00f3 a todos los maestros de todos los<br \/>\nniveles p\u00fablicos.<\/div>\n<div class=\"MsoNormal\" style=\"background-color: white; background-position: initial initial; background-repeat: initial initial; margin-bottom: 0.0001pt;\">\nLa mayor\u00eda no supo del pago anticipado hasta hoy<br \/>\ncuando acudieron a los cajeros y vieron reflejado el pago.<\/div>\n<div class=\"MsoNormal\" style=\"background-color: white; background-position: initial initial; background-repeat: initial initial; margin-bottom: 0.0001pt;\">\nSin embargo, no hubo sorpresas, pues solo se pag\u00f3 la<br \/>\nquincena, por lo que no hubo bono extra, como algunos esperaban.<\/div>\n<div class=\"MsoNormal\" style=\"background-color: white; background-position: initial initial; background-repeat: initial initial; margin-bottom: 0.0001pt;\">\nTrascendi\u00f3 que el pago se adelant\u00f3 para que t\u00e9cnicamente<br \/>\nse pueda entregar las finanzas a la siguiente administraci\u00f3n, que encabezar\u00e1<br \/>\nRolando Zaapata Bello.<\/div>\n<div class=\"MsoNormal\" style=\"background-color: white; background-position: initial initial; background-repeat: initial initial; margin-bottom: 0.0001pt;\">\nEntre los beneficiados con este pago adelantado estuvieron<br \/>\nlas cantinas, pues muchos bur\u00f3cratas aprovecharon a gastar parte del dinero aprovechando<br \/>\nque sus parejas no saben nada del abono anticipado.<\/div>\n","protected":false},"excerpt":{"rendered":"<p>Como regalo de fin de gobierno, el Ejecutivo estatal adelant\u00f3 el pago de la quincena a todos los bur\u00f3cratas. Ayer y hoy, todos los bur\u00f3cratas recibieron el pago de la<\/p>\n","protected":false},"author":1,"featured_media":23000,"comment_status":"open","ping_status":"open","sticky":false,"template":"","format":"standard","meta":{"jetpack_post_was_ever_published":false,"_jetpack_newsletter_access":"","_jetpack_dont_email_post_to_subs":false,"_jetpack_newsletter_tier_id":0,"_jetpack_memberships_contains_paywalled_content":false,"_jetpack_memberships_contains_paid_content":false,"footnotes":"","jetpack_publicize_message":"","jetpack_publicize_feature_enabled":true,"jetpack_social_post_already_shared":false,"jetpack_social_options":{"image_generator_settings":{"template":"highway","default_image_id":0,"font":"","enabled":false},"version":2}},"categories":[19,3,1],"tags":[],"class_list":["post-6449","post","type-post","status-publish","format-standard","has-post-thumbnail","hentry","category-de-la-grilla","category-portada","category-sin-categoria"],"jetpack_publicize_connections":[],"jetpack_featured_media_url":"https:\/\/formalprision.com\/wp-content\/uploads\/2012\/09\/aaaivonne.jpg","jetpack_sharing_enabled":true,"jetpack_shortlink":"https:\/\/wp.me\/p6id8p-1G1","_links":{"self":[{"href":"https:\/\/formalprision.com\/index.php?rest_route=\/wp\/v2\/posts\/6449","targetHints":{"allow":["GET"]}}],"collection":[{"href":"https:\/\/formalprision.com\/index.php?rest_route=\/wp\/v2\/posts"}],"about":[{"href":"https:\/\/formalprision.com\/index.php?rest_route=\/wp\/v2\/types\/post"}],"author":[{"embeddable":true,"href":"https:\/\/formalprision.com\/index.php?rest_route=\/wp\/v2\/users\/1"}],"replies":[{"embeddable":true,"href":"https:\/\/formalprision.com\/index.php?rest_route=%2Fwp%2Fv2%2Fcomments&post=6449"}],"version-history":[{"count":0,"href":"https:\/\/formalprision.com\/index.php?rest_route=\/wp\/v2\/posts\/6449\/revisions"}],"wp:featuredmedia":[{"embeddable":true,"href":"https:\/\/formalprision.com\/index.php?rest_route=\/wp\/v2\/media\/23000"}],"wp:attachment":[{"href":"https:\/\/formalprision.com\/index.php?rest_route=%2Fwp%2Fv2%2Fmedia&parent=6449"}],"wp:term":[{"taxonomy":"category","embeddable":true,"href":"https:\/\/formalprision.com\/index.php?rest_route=%2Fwp%2Fv2%2Fcategories&post=6449"},{"taxonomy":"post_tag","embeddable":true,"href":"https:\/\/formalprision.com\/index.php?rest_route=%2Fwp%2Fv2%2Ftags&post=6449"}],"curies":[{"name":"wp","href":"https:\/\/api.w.org\/{rel}","templated":true}]}}