{"id":6456,"date":"2012-09-24T21:06:00","date_gmt":"2012-09-24T21:06:00","guid":{"rendered":"http:\/\/formalprision.info\/2012\/09\/24\/equipo-de-transicion-analiza-potencia\/"},"modified":"2015-06-03T08:50:10","modified_gmt":"2015-06-03T08:50:10","slug":"equipo-de-transicion-analiza-potencia","status":"publish","type":"post","link":"https:\/\/formalprision.com\/?p=6456","title":{"rendered":"Equipo de transici\u00f3n analiza potencial de desarrollo econ\u00f3mico del estado"},"content":{"rendered":"<p><\/p>\n<div class=\"separator\" style=\"clear: both; text-align: center;\">\n<a href=\"http:\/\/2.bp.blogspot.com\/-fH52MEG3nAU\/UGDLVaskgRI\/AAAAAAAALKI\/VnyF8J_OUD4\/s1600\/aacerverin.JPG\" imageanchor=\"1\" style=\"margin-left: 1em; margin-right: 1em;\"><img loading=\"lazy\" decoding=\"async\" border=\"0\" height=\"213\" src=\"http:\/\/formalprision.com\/wp-content\/uploads\/2012\/09\/aacerverin.jpg\" width=\"320\" \/><\/a><\/div>\n<div class=\"ecxmsonormal\" style=\"background-color: white; text-align: justify;\">\nEn reuni\u00f3n con el&nbsp; Secretario de Fomento Econ\u00f3mico, V\u00edctor Cervera Hern\u00e1ndez, el<br \/>\nequipo de transici\u00f3n gubernamental del sector se manifest\u00f3 a favor de impulsar<br \/>\nla investigaci\u00f3n cient\u00edfica y la innovaci\u00f3n tecnol\u00f3gica como base del desarrollo<br \/>\necon\u00f3mico en el estado.<\/div>\n<div class=\"ecxmsonormal\" style=\"background: white; margin-bottom: 0pt; text-align: justify; text-justify: inter-ideograph;\">\nEn el encuentro realizado en la SEFOE,<br \/>\nCervera Hern\u00e1ndez habl\u00f3 sobre la importancia que ha tenido la pol\u00edtica de<br \/>\ninvestigaci\u00f3n y la estrategia de vincular a los sectores cient\u00edfico y<br \/>\nempresarial en el estado, la cual ser\u00eda de utilidad para concretar el compromiso<br \/>\ndel Gobernador Electo, Rolando Zapata Bello, de modernizar y tecnificar el<br \/>\ncampo.<\/div>\n<div class=\"ecxMsoNormal\" style=\"text-align: justify; text-justify: inter-ideograph;\">\nEl profesor Ra\u00fal Monforte Peniche, el<br \/>\nC.P. Arturo L\u00f3pez C\u00e1mara y las licenciadas Marisol Lugo Ayora y Rosa Mar\u00eda<br \/>\nS\u00e1nchez Cordero -integrantes del sector de Desarrollo Econ\u00f3mico del equipo de<br \/>\ntransici\u00f3n- expresaron su inter\u00e9s en darle continuidad a proyectos como el de<br \/>\nfortalecimiento de la cadena de valor del chile habanero y de producci\u00f3n de<br \/>\ntejidos a partir del henequ\u00e9n, con la colaboraci\u00f3n de instituciones que realizan<br \/>\ninvestigaci\u00f3n.<\/div>\n<div class=\"ecxmsonormal\" style=\"background: white; margin-bottom: 0pt; text-align: justify; text-justify: inter-ideograph;\">\n\u201cTenemos aliados muy poderosos en los<br \/>\ncentros de investigaci\u00f3n cient\u00edfica y es muy importante que ya est\u00e1n trabajando<br \/>\nen el rescate de los recursos fitogen\u00e9ticos del estado\u201d, coment\u00f3 el profesor<br \/>\nRa\u00fal Monforte.<\/div>\n<div class=\"ecxmsonormal\" style=\"background-color: white; text-align: justify;\">\nTambi\u00e9n se\u00f1al\u00f3 la necesidad de que el<br \/>\ngobierno entrante implemente un proyecto para estimular la producci\u00f3n de la<br \/>\nmateria prima, que permita sustituir las importaciones y diversificar los usos<br \/>\nindustriales de los productos agropecuarios locales.<\/div>\n<div class=\"ecxmsonormal\" style=\"background: white; margin-bottom: 0pt; text-align: justify; text-justify: inter-ideograph;\">\nEn su oportunidad, la Lic. Marisol<br \/>\nLugo coment\u00f3 que la miel yucateca tambi\u00e9n es muy reconocida fuera de la entidad,<br \/>\npor lo que recomend\u00f3 aprovechar el producto y los programas de capacitaci\u00f3n que<br \/>\nexisten en el rubro, para darle valor agregado y cumplir los requerimientos<br \/>\ninternacionales de calidad e inocuidad, &nbsp;de manera que pueda exportarse y<br \/>\nvenderse a un buen precio.<\/div>\n<div class=\"ecxmsonormal\" style=\"background: white; margin-bottom: 0pt; text-align: justify; text-justify: inter-ideograph;\">\nEl Secretario de Fomento Econ\u00f3mico<br \/>\nexpuso las acciones y los resultados en materia de financiamiento, apertura,<br \/>\ndesarrollo y promoci\u00f3n de las empresas, as\u00ed como los apoyos para la exportaci\u00f3n<br \/>\ny los programas de capacitaci\u00f3n sobre la internacionalizaci\u00f3n de productos y su<br \/>\nnormatividad.<\/div>\n<div class=\"ecxMsoNormal\" style=\"text-align: justify; text-justify: inter-ideograph;\">\nAl finalizar su exposici\u00f3n, el equipo<br \/>\nde transici\u00f3n subray\u00f3 la importancia de darle continuidad a los proyectos que<br \/>\nvinculan a los investigadores con el sector productivo, como parte de la<br \/>\npol\u00edtica de ciencia del estado, con el prop\u00f3sito de obtener beneficios para la<br \/>\neconom\u00eda y las familias yucatecas.<\/div>\n<div class=\"ecxmsonormal\" style=\"background: white; margin-bottom: 0pt; text-align: justify; text-justify: inter-ideograph;\">\nAdem\u00e1s, el Prof. Ra\u00fal Monforte<br \/>\nadelant\u00f3 que recomendar\u00e1 al Gobernador Electo la creaci\u00f3n de un laboratorio de<br \/>\ninocuidad alimentaria que permita al empresario agropecuario contar con mejores<br \/>\noportunidades de aceptaci\u00f3n de sus productos en Estados Unidos, Asia y<br \/>\nEuropa.<\/div>\n<div class=\"ecxMsoNormal\" style=\"text-align: justify; text-justify: inter-ideograph;\">\nEl C.P. Mario Arturo L\u00f3pez, por su<br \/>\nparte, respald\u00f3 el compromiso de gobierno relativo a la reducci\u00f3n de tr\u00e1mites<br \/>\npara la apertura de empresas. (Comunicado de prensa)<\/div>\n","protected":false},"excerpt":{"rendered":"<p>En reuni\u00f3n con el&nbsp; Secretario de Fomento Econ\u00f3mico, V\u00edctor Cervera Hern\u00e1ndez, el equipo de transici\u00f3n gubernamental del sector se manifest\u00f3 a favor de impulsar la investigaci\u00f3n cient\u00edfica y la innovaci\u00f3n<\/p>\n","protected":false},"author":1,"featured_media":23014,"comment_status":"open","ping_status":"open","sticky":false,"template":"","format":"standard","meta":{"jetpack_post_was_ever_published":false,"_jetpack_newsletter_access":"","_jetpack_dont_email_post_to_subs":false,"_jetpack_newsletter_tier_id":0,"_jetpack_memberships_contains_paywalled_content":false,"_jetpack_memberships_contains_paid_content":false,"footnotes":"","jetpack_publicize_message":"","jetpack_publicize_feature_enabled":true,"jetpack_social_post_already_shared":false,"jetpack_social_options":{"image_generator_settings":{"template":"highway","default_image_id":0,"font":"","enabled":false},"version":2}},"categories":[19,1,49],"tags":[],"class_list":["post-6456","post","type-post","status-publish","format-standard","has-post-thumbnail","hentry","category-de-la-grilla","category-sin-categoria","category-tocho-morocho"],"jetpack_publicize_connections":[],"jetpack_featured_media_url":"https:\/\/formalprision.com\/wp-content\/uploads\/2012\/09\/aacerverin.jpg","jetpack_sharing_enabled":true,"jetpack_shortlink":"https:\/\/wp.me\/p6id8p-1G8","_links":{"self":[{"href":"https:\/\/formalprision.com\/index.php?rest_route=\/wp\/v2\/posts\/6456","targetHints":{"allow":["GET"]}}],"collection":[{"href":"https:\/\/formalprision.com\/index.php?rest_route=\/wp\/v2\/posts"}],"about":[{"href":"https:\/\/formalprision.com\/index.php?rest_route=\/wp\/v2\/types\/post"}],"author":[{"embeddable":true,"href":"https:\/\/formalprision.com\/index.php?rest_route=\/wp\/v2\/users\/1"}],"replies":[{"embeddable":true,"href":"https:\/\/formalprision.com\/index.php?rest_route=%2Fwp%2Fv2%2Fcomments&post=6456"}],"version-history":[{"count":0,"href":"https:\/\/formalprision.com\/index.php?rest_route=\/wp\/v2\/posts\/6456\/revisions"}],"wp:featuredmedia":[{"embeddable":true,"href":"https:\/\/formalprision.com\/index.php?rest_route=\/wp\/v2\/media\/23014"}],"wp:attachment":[{"href":"https:\/\/formalprision.com\/index.php?rest_route=%2Fwp%2Fv2%2Fmedia&parent=6456"}],"wp:term":[{"taxonomy":"category","embeddable":true,"href":"https:\/\/formalprision.com\/index.php?rest_route=%2Fwp%2Fv2%2Fcategories&post=6456"},{"taxonomy":"post_tag","embeddable":true,"href":"https:\/\/formalprision.com\/index.php?rest_route=%2Fwp%2Fv2%2Ftags&post=6456"}],"curies":[{"name":"wp","href":"https:\/\/api.w.org\/{rel}","templated":true}]}}