{"id":6460,"date":"2012-09-24T16:03:00","date_gmt":"2012-09-24T16:03:00","guid":{"rendered":"http:\/\/formalprision.info\/2012\/09\/24\/conceden-libertad-bajo-fianza-los\/"},"modified":"2015-06-03T08:50:11","modified_gmt":"2015-06-03T08:50:11","slug":"conceden-libertad-bajo-fianza-los","status":"publish","type":"post","link":"https:\/\/formalprision.com\/?p=6460","title":{"rendered":"Conceden libertad bajo fianza a los narcos detenidos en M\u00e9rida"},"content":{"rendered":"<p><\/p>\n<div class=\"MsoNormal\">\n<div class=\"separator\" style=\"clear: both; text-align: center;\">\n<a href=\"http:\/\/1.bp.blogspot.com\/-XdS2UQV0720\/UGCEb5GZx8I\/AAAAAAAALIg\/LZwbgO4q7uo\/s1600\/aaanerquito.JPG\" imageanchor=\"1\" style=\"margin-left: 1em; margin-right: 1em;\"><img loading=\"lazy\" decoding=\"async\" border=\"0\" height=\"213\" src=\"http:\/\/formalprision.com\/wp-content\/uploads\/2012\/09\/aaanerquito.jpg\" width=\"320\" \/><\/a><\/div>\n<p>El Juzgado<br \/>\nCuarto Penal concedi\u00f3 la libertad bajo fianza a los cuatro presuntos narcos<br \/>\ndetenidos la semana pasada junto con el jefe de la plaza de Cozumel del Cartel<br \/>\nde Sinaloa.<\/p><\/div>\n<div class=\"MsoNormal\">\nLos cuatro<br \/>\nalcanzaron libertad bajo fianza porque fueron acusados de delitos menores, como<br \/>\ncohecho y resistencia de particulares.<\/div>\n<div class=\"MsoNormal\">\nLas fianzas<br \/>\nno son altas, por lo que se espera que hoy mismo las paguen y abandonen el<br \/>\nreclusorio.<\/div>\n<div class=\"MsoNormal\">\nLos<br \/>\ndetenidos con ese derecho son James Nicol\u00e1s Dom\u00ednguez Bouloy, hermano de Mateo<br \/>\nDom\u00ednguez, se\u00f1alado como el jefe de plaza; el regiomontano Jos\u00e9 Ra\u00fal Correa<br \/>\nGonz\u00e1lez, Walter Aar\u00f3n Canul Loeza y Pedro Pablo C\u00e1rdenas Gallegos.<\/div>\n<div class=\"MsoNormal\">\nEllos<br \/>\nrindieron declaraci\u00f3n preparatoria el s\u00e1bado pasado, aunque en realidad se abstuvieron<br \/>\nde emitir comentario alguno.<\/div>\n<div class=\"MsoNormal\">\nSe les<br \/>\nconsign\u00f3 por cohecho, desobediencia y resistencia de particulares y ataques a<br \/>\nlas v\u00edas de comunicaci\u00f3n.<\/div>\n<div class=\"MsoNormal\">\nSe inform\u00f3<br \/>\nque para salir libre Walter Aar\u00f3n deber\u00e1 pagar $11,000, Padro Pablo C\u00e1rdenas,<br \/>\n$17,000; James Nicol\u00e1s Dom\u00ednguez, $18,000 y&nbsp;<br \/>\nRa\u00fal Correa, $11,000.<\/div>\n<div class=\"MsoNormal\">\nEl jefe de<br \/>\nplaza Mateo Dom\u00ednguez y su lugarteniente Jos\u00e9 Francisco C\u00e1rdenas Gallegos<br \/>\nfueron enviados a Quintana Roo y de ah\u00ed a la ciudad de M\u00e9xico, en manos de la<br \/>\nSiedo.<\/div>\n<div class=\"MsoNormal\">\n<\/div>\n<div class=\"MsoNormal\">\n<\/div>\n","protected":false},"excerpt":{"rendered":"<p>El Juzgado Cuarto Penal concedi\u00f3 la libertad bajo fianza a los cuatro presuntos narcos detenidos la semana pasada junto con el jefe de la plaza de Cozumel del Cartel de<\/p>\n","protected":false},"author":1,"featured_media":23022,"comment_status":"open","ping_status":"open","sticky":false,"template":"","format":"standard","meta":{"jetpack_post_was_ever_published":false,"_jetpack_newsletter_access":"","_jetpack_dont_email_post_to_subs":false,"_jetpack_newsletter_tier_id":0,"_jetpack_memberships_contains_paywalled_content":false,"_jetpack_memberships_contains_paid_content":false,"footnotes":"","jetpack_publicize_message":"","jetpack_publicize_feature_enabled":true,"jetpack_social_post_already_shared":false,"jetpack_social_options":{"image_generator_settings":{"template":"highway","default_image_id":0,"font":"","enabled":false},"version":2}},"categories":[45,3,1],"tags":[],"class_list":["post-6460","post","type-post","status-publish","format-standard","has-post-thumbnail","hentry","category-delincuentes-vip","category-portada","category-sin-categoria"],"jetpack_publicize_connections":[],"jetpack_featured_media_url":"https:\/\/formalprision.com\/wp-content\/uploads\/2012\/09\/aaanerquito.jpg","jetpack_sharing_enabled":true,"jetpack_shortlink":"https:\/\/wp.me\/p6id8p-1Gc","_links":{"self":[{"href":"https:\/\/formalprision.com\/index.php?rest_route=\/wp\/v2\/posts\/6460","targetHints":{"allow":["GET"]}}],"collection":[{"href":"https:\/\/formalprision.com\/index.php?rest_route=\/wp\/v2\/posts"}],"about":[{"href":"https:\/\/formalprision.com\/index.php?rest_route=\/wp\/v2\/types\/post"}],"author":[{"embeddable":true,"href":"https:\/\/formalprision.com\/index.php?rest_route=\/wp\/v2\/users\/1"}],"replies":[{"embeddable":true,"href":"https:\/\/formalprision.com\/index.php?rest_route=%2Fwp%2Fv2%2Fcomments&post=6460"}],"version-history":[{"count":0,"href":"https:\/\/formalprision.com\/index.php?rest_route=\/wp\/v2\/posts\/6460\/revisions"}],"wp:featuredmedia":[{"embeddable":true,"href":"https:\/\/formalprision.com\/index.php?rest_route=\/wp\/v2\/media\/23022"}],"wp:attachment":[{"href":"https:\/\/formalprision.com\/index.php?rest_route=%2Fwp%2Fv2%2Fmedia&parent=6460"}],"wp:term":[{"taxonomy":"category","embeddable":true,"href":"https:\/\/formalprision.com\/index.php?rest_route=%2Fwp%2Fv2%2Fcategories&post=6460"},{"taxonomy":"post_tag","embeddable":true,"href":"https:\/\/formalprision.com\/index.php?rest_route=%2Fwp%2Fv2%2Ftags&post=6460"}],"curies":[{"name":"wp","href":"https:\/\/api.w.org\/{rel}","templated":true}]}}