{"id":6461,"date":"2012-09-24T15:30:00","date_gmt":"2012-09-24T15:30:00","guid":{"rendered":"http:\/\/formalprision.info\/2012\/09\/24\/se-suicida-interno-del-penal-por-falta\/"},"modified":"2015-06-03T08:50:11","modified_gmt":"2015-06-03T08:50:11","slug":"se-suicida-interno-del-penal-por-falta","status":"publish","type":"post","link":"https:\/\/formalprision.com\/?p=6461","title":{"rendered":"Se suicida interno del penal por falta de vigilancia"},"content":{"rendered":"<p><\/p>\n<div class=\"separator\" style=\"clear: both; text-align: center;\">\n<a href=\"http:\/\/4.bp.blogspot.com\/-NTyJMjx6HBw\/UGCR1ywpqrI\/AAAAAAAALJY\/eO6eBMtQbf8\/s1600\/aaaaescudo+de+la+fiscalia.jpg\" imageanchor=\"1\" style=\"margin-left: 1em; margin-right: 1em;\"><img loading=\"lazy\" decoding=\"async\" border=\"0\" height=\"318\" src=\"http:\/\/formalprision.com\/wp-content\/uploads\/2012\/09\/aaaaescudo-de-la-fiscalia.jpg\" width=\"320\" \/><\/a><\/div>\n<div style=\"text-align: justify;\">\nLa falta de<br \/>\natenci\u00f3n en el Centro de Reinserci\u00f3n Social (Cereso) meridano permiti\u00f3 que un<br \/>\nrecluso se suicidara.<\/div>\n<div style=\"text-align: justify;\">\nJos\u00e9 Roberto Ruiz<br \/>\nBarbosa. de 32 a\u00f1os de edad, enfermo de VIH, fue hallado muerto, colgado en su<br \/>\ncelda en el modulo K.<\/div>\n<div style=\"text-align: justify;\">\nPresuntamente se ahorc\u00f3<br \/>\nusando su pantal\u00f3n, aunque el caso est\u00e1 en manos de la Fiscal\u00eda para confirmar<br \/>\nel suicidio y descartar que haya sido asesinado.<\/div>\n<div style=\"text-align: justify;\">\nEl cuerpo fue<br \/>\nhallado temprano por el custodio Welmer Huchim, quien ya fue llevadoa declarar.<\/div>\n<div style=\"text-align: justify;\">\nSe dio aviso a las<br \/>\nautoridades m\u00e9dica,s que confirmaron la muerte y luego notificaron el hecho a<br \/>\nla Fiscal\u00eda.<\/div>\n<div style=\"text-align: justify;\">\nRuiz Barbosa hab\u00eda<br \/>\nsido condenado por abuso sexual y robo con violencia, aunque su caso estaba en<br \/>\napelaci\u00f3n..<\/div>\n<div class=\"MsoNormal\">\n<\/div>\n","protected":false},"excerpt":{"rendered":"<p>La falta de atenci\u00f3n en el Centro de Reinserci\u00f3n Social (Cereso) meridano permiti\u00f3 que un recluso se suicidara. Jos\u00e9 Roberto Ruiz Barbosa. de 32 a\u00f1os de edad, enfermo de VIH,<\/p>\n","protected":false},"author":1,"featured_media":23024,"comment_status":"open","ping_status":"open","sticky":false,"template":"","format":"standard","meta":{"jetpack_post_was_ever_published":false,"_jetpack_newsletter_access":"","_jetpack_dont_email_post_to_subs":false,"_jetpack_newsletter_tier_id":0,"_jetpack_memberships_contains_paywalled_content":false,"_jetpack_memberships_contains_paid_content":false,"footnotes":"","jetpack_publicize_message":"","jetpack_publicize_feature_enabled":true,"jetpack_social_post_already_shared":false,"jetpack_social_options":{"image_generator_settings":{"template":"highway","default_image_id":0,"font":"","enabled":false},"version":2}},"categories":[44,3,1],"tags":[],"class_list":["post-6461","post","type-post","status-publish","format-standard","has-post-thumbnail","hentry","category-morgue","category-portada","category-sin-categoria"],"jetpack_publicize_connections":[],"jetpack_featured_media_url":"https:\/\/formalprision.com\/wp-content\/uploads\/2012\/09\/aaaaescudo-de-la-fiscalia.jpg","jetpack_sharing_enabled":true,"jetpack_shortlink":"https:\/\/wp.me\/p6id8p-1Gd","_links":{"self":[{"href":"https:\/\/formalprision.com\/index.php?rest_route=\/wp\/v2\/posts\/6461","targetHints":{"allow":["GET"]}}],"collection":[{"href":"https:\/\/formalprision.com\/index.php?rest_route=\/wp\/v2\/posts"}],"about":[{"href":"https:\/\/formalprision.com\/index.php?rest_route=\/wp\/v2\/types\/post"}],"author":[{"embeddable":true,"href":"https:\/\/formalprision.com\/index.php?rest_route=\/wp\/v2\/users\/1"}],"replies":[{"embeddable":true,"href":"https:\/\/formalprision.com\/index.php?rest_route=%2Fwp%2Fv2%2Fcomments&post=6461"}],"version-history":[{"count":0,"href":"https:\/\/formalprision.com\/index.php?rest_route=\/wp\/v2\/posts\/6461\/revisions"}],"wp:featuredmedia":[{"embeddable":true,"href":"https:\/\/formalprision.com\/index.php?rest_route=\/wp\/v2\/media\/23024"}],"wp:attachment":[{"href":"https:\/\/formalprision.com\/index.php?rest_route=%2Fwp%2Fv2%2Fmedia&parent=6461"}],"wp:term":[{"taxonomy":"category","embeddable":true,"href":"https:\/\/formalprision.com\/index.php?rest_route=%2Fwp%2Fv2%2Fcategories&post=6461"},{"taxonomy":"post_tag","embeddable":true,"href":"https:\/\/formalprision.com\/index.php?rest_route=%2Fwp%2Fv2%2Ftags&post=6461"}],"curies":[{"name":"wp","href":"https:\/\/api.w.org\/{rel}","templated":true}]}}