{"id":6465,"date":"2012-09-22T17:07:00","date_gmt":"2012-09-22T17:07:00","guid":{"rendered":"http:\/\/formalprision.info\/2012\/09\/22\/equipo-de-transicion-se-reune-con\/"},"modified":"2015-06-03T08:50:12","modified_gmt":"2015-06-03T08:50:12","slug":"equipo-de-transicion-se-reune-con","status":"publish","type":"post","link":"https:\/\/formalprision.com\/?p=6465","title":{"rendered":"Equipo de transici\u00f3n se re\u00fane con titulares de las Secretar\u00edas de Planeaci\u00f3n y Hacienda"},"content":{"rendered":"<p><\/p>\n<div class=\"separator\" style=\"clear: both; text-align: center;\">\n<a href=\"http:\/\/1.bp.blogspot.com\/-7kIJ2q_Ikho\/UF3wIt11ayI\/AAAAAAAALHA\/_kApUz3rEAg\/s1600\/aatransicicicic.JPG\" imageanchor=\"1\" style=\"margin-left: 1em; margin-right: 1em;\"><img loading=\"lazy\" decoding=\"async\" border=\"0\" height=\"213\" src=\"http:\/\/formalprision.com\/wp-content\/uploads\/2012\/09\/aatransicicicic.jpg\" width=\"320\" \/><\/a><\/div>\n<div class=\"ecxMsoNormal\" style=\"text-align: justify; text-justify: inter-ideograph;\">\nLa armonizaci\u00f3n contable, la digitalizaci\u00f3n de los tr\u00e1mites y servicios del<br \/>\nGobierno del Estado, y la planeaci\u00f3n del presupuesto basado en resultados ser\u00e1n<br \/>\nelementos clave para conformar un gobierno de calidad, concluy\u00f3 el equipo de<br \/>\ntransici\u00f3n gubernamental del sector, despu\u00e9s de entrevistarse con los titulares<br \/>\nde la Secretar\u00eda<br \/>\nde Planeaci\u00f3n, la Oficial\u00eda Mayor y la Secretar\u00eda de Hacienda.<\/div>\n<div class=\"ecxMsoNormal\" style=\"text-align: justify; text-justify: inter-ideograph;\">\nEn la reuni\u00f3n realizada en la<br \/>\nSecretar\u00eda de Planeaci\u00f3n, el Secretario de Hacienda, Juan<br \/>\nGabriel Ricalde Ram\u00edrez explic\u00f3 al equipo que la armonizaci\u00f3n contable se ha<br \/>\nimplementado de manera gradual y ya se cuenta con avances en la aplicaci\u00f3n de la<br \/>\nnorma en las entidades gubernamentales y la integraci\u00f3n en sistema.<\/div>\n<div class=\"ecxMsoNormal\" style=\"text-align: justify; text-justify: inter-ideograph;\">\n<\/div>\n<div class=\"ecxMsoNormal\" style=\"text-align: justify; text-justify: inter-ideograph;\">\nEn presencia del abogado Ernesto Herrera Novelo y los C.P.<br \/>\nHenry Gonz\u00e1lez Duarte, Aureliano Mart\u00ednez Castillo<br \/>\ny Nelson<br \/>\nAntonio Lara Cabrera -miembros del equipo- Ricalde Ram\u00edrez a\u00f1adi\u00f3 que la labor<br \/>\nde una agencia tributaria permitir\u00e1 aumentar la eficiencia y disminuir los<br \/>\ncostos derivados de la recaudaci\u00f3n, reducir la evasi\u00f3n y elusi\u00f3n fiscal, y<br \/>\nmodernizar la plataforma tecnol\u00f3gica.<\/div>\n<div class=\"ecxMsoNormal\" style=\"text-align: justify; text-justify: inter-ideograph;\">\nAl respecto, el C.P. Henry Gonz\u00e1lez<br \/>\nDuarte coment\u00f3 que es necesario aterrizar el avance de cada uno de los procesos<br \/>\ny crear programas digitales que respondan a las necesidades institucionales de<br \/>\nla pr\u00f3xima administraci\u00f3n.<\/div>\n<div class=\"ecxMsoNormal\" style=\"text-align: justify; text-justify: inter-ideograph;\">\nLa Universidad Aut\u00f3noma de Yucat\u00e1n<br \/>\ntiene avances relacionados con el tema de la armonizaci\u00f3n contable por lo que se<br \/>\npodr\u00eda trabajar en colaboraci\u00f3n con dicha instituci\u00f3n para consolidar este<br \/>\ncompromiso del Gobernador Electo, sugiri\u00f3 por su parte el C.P Aureliano Mart\u00ednez<br \/>\nCastillo.<\/div>\n<div class=\"ecxMsoNormal\" style=\"text-align: justify; text-justify: inter-ideograph;\">\nAl analizar los 17 compromisos del<br \/>\nsector Gobierno de Calidad, el equipo de transici\u00f3n tambi\u00e9n habl\u00f3 con<br \/>\nfuncionarios de la Oficial\u00eda Mayor -que encabeza Jorge Carlos Berl\u00edn Montero-<br \/>\nsobre la importancia de reducir los tiempos de los tr\u00e1mites, a trav\u00e9s de una<br \/>\nmejora regulatoria y el Registro \u00danico de Personas.<\/div>\n<div class=\"ecxMsoNormal\" style=\"text-align: justify; text-justify: inter-ideograph;\">\nEl C.P. Henry Gonz\u00e1lez Duarte extern\u00f3<br \/>\nsus dudas sobre los elementos con los que se cuenta para concretar los cambios<br \/>\nnecesarios, a lo que los servidores p\u00fablicos respondieron que la Red Digital<br \/>\nser\u00e1 un recurso estrat\u00e9gico pues permitir\u00e1 brindar conectividad a hospitales,<br \/>\nescuelas, oficinas gubernamentales y Ayuntamientos de todo el estado.<\/div>\n<div class=\"ecxMsoNormal\" style=\"text-align: justify; text-justify: inter-ideograph;\">\nEn su turno, el Dr. Ulises Carrillo<br \/>\nCabrera, Secretario de Planeaci\u00f3n y Presupuesto, mencion\u00f3 la importancia de<br \/>\nestablecer indicadores y objetivos de desarrollo concretos, para implementar los<br \/>\nprocesos de planeaci\u00f3n de presupuesto basados en resultados, que permitan<br \/>\nmejorar la calidad del gasto p\u00fablico y responder a las necesidades emergentes de<br \/>\nla entidad. (omunicado de prensa).<\/div>\n<div class=\"ecxMsoNormal\" style=\"text-align: justify; text-justify: inter-ideograph;\">\n<\/div>\n","protected":false},"excerpt":{"rendered":"<p>La armonizaci\u00f3n contable, la digitalizaci\u00f3n de los tr\u00e1mites y servicios del Gobierno del Estado, y la planeaci\u00f3n del presupuesto basado en resultados ser\u00e1n elementos clave para conformar un gobierno de<\/p>\n","protected":false},"author":1,"featured_media":23032,"comment_status":"open","ping_status":"open","sticky":false,"template":"","format":"standard","meta":{"jetpack_post_was_ever_published":false,"_jetpack_newsletter_access":"","_jetpack_dont_email_post_to_subs":false,"_jetpack_newsletter_tier_id":0,"_jetpack_memberships_contains_paywalled_content":false,"_jetpack_memberships_contains_paid_content":false,"footnotes":"","jetpack_publicize_message":"","jetpack_publicize_feature_enabled":true,"jetpack_social_post_already_shared":false,"jetpack_social_options":{"image_generator_settings":{"template":"highway","default_image_id":0,"font":"","enabled":false},"version":2}},"categories":[19,1],"tags":[],"class_list":["post-6465","post","type-post","status-publish","format-standard","has-post-thumbnail","hentry","category-de-la-grilla","category-sin-categoria"],"jetpack_publicize_connections":[],"jetpack_featured_media_url":"https:\/\/formalprision.com\/wp-content\/uploads\/2012\/09\/aatransicicicic.jpg","jetpack_sharing_enabled":true,"jetpack_shortlink":"https:\/\/wp.me\/p6id8p-1Gh","_links":{"self":[{"href":"https:\/\/formalprision.com\/index.php?rest_route=\/wp\/v2\/posts\/6465","targetHints":{"allow":["GET"]}}],"collection":[{"href":"https:\/\/formalprision.com\/index.php?rest_route=\/wp\/v2\/posts"}],"about":[{"href":"https:\/\/formalprision.com\/index.php?rest_route=\/wp\/v2\/types\/post"}],"author":[{"embeddable":true,"href":"https:\/\/formalprision.com\/index.php?rest_route=\/wp\/v2\/users\/1"}],"replies":[{"embeddable":true,"href":"https:\/\/formalprision.com\/index.php?rest_route=%2Fwp%2Fv2%2Fcomments&post=6465"}],"version-history":[{"count":0,"href":"https:\/\/formalprision.com\/index.php?rest_route=\/wp\/v2\/posts\/6465\/revisions"}],"wp:featuredmedia":[{"embeddable":true,"href":"https:\/\/formalprision.com\/index.php?rest_route=\/wp\/v2\/media\/23032"}],"wp:attachment":[{"href":"https:\/\/formalprision.com\/index.php?rest_route=%2Fwp%2Fv2%2Fmedia&parent=6465"}],"wp:term":[{"taxonomy":"category","embeddable":true,"href":"https:\/\/formalprision.com\/index.php?rest_route=%2Fwp%2Fv2%2Fcategories&post=6465"},{"taxonomy":"post_tag","embeddable":true,"href":"https:\/\/formalprision.com\/index.php?rest_route=%2Fwp%2Fv2%2Ftags&post=6465"}],"curies":[{"name":"wp","href":"https:\/\/api.w.org\/{rel}","templated":true}]}}