{"id":6469,"date":"2012-09-21T17:19:00","date_gmt":"2012-09-21T17:19:00","guid":{"rendered":"http:\/\/formalprision.info\/2012\/09\/21\/proponen-fortalecer-el-marco-juridico\/"},"modified":"2015-06-03T08:50:13","modified_gmt":"2015-06-03T08:50:13","slug":"proponen-fortalecer-el-marco-juridico","status":"publish","type":"post","link":"https:\/\/formalprision.com\/?p=6469","title":{"rendered":"Proponen fortalecer el marco jur\u00eddico de la Fiscal\u00eda General del Estado"},"content":{"rendered":"<p><\/p>\n<div class=\"separator\" style=\"clear: both; text-align: center;\">\n<a href=\"http:\/\/4.bp.blogspot.com\/-2w06q8rTU_Y\/UFyhXqvIvxI\/AAAAAAAALF4\/VloXlPDgXNM\/s1600\/aafiscalia.JPG\" imageanchor=\"1\" style=\"margin-left: 1em; margin-right: 1em;\"><img loading=\"lazy\" decoding=\"async\" border=\"0\" height=\"213\" src=\"http:\/\/formalprision.com\/wp-content\/uploads\/2012\/09\/aafiscalia.jpg\" width=\"320\" \/><\/a><\/div>\n<div class=\"ecxMsoNormal\" style=\"margin-bottom: 0pt; text-align: justify;\">\nDotar a la Fiscal\u00eda General del Estado (FGEY) de un marco normativo s\u00f3lido para<br \/>\nque cuente con los medios necesarios para actuar con certeza ser\u00e1 una de las<br \/>\nrecomendaciones que se le har\u00e1n a la administraci\u00f3n entrante, se\u00f1al\u00f3 el abogado<br \/>\nCarlos Herrera Heredia en el marco de los trabajos del sector de Legalidad y<br \/>\nSeguridad del equipo de transici\u00f3n gubernamental.&nbsp;<\/div>\n<div class=\"ecxMsoNormal\" style=\"margin-bottom: 0pt; text-align: justify;\">\n\u201cLo que hay que buscar es conservar el<br \/>\nprimer lugar en seguridad de todo el pa\u00eds. No se trata de mejorar porque est\u00e9<br \/>\nmal, sino que con un mejor marco legal se pude lograr mayor eficacia en el<br \/>\ntrabajo y contar con nuevos elementos para tener justicia plena en Yucat\u00e1n\u201d,<br \/>\nafirm\u00f3 en reuni\u00f3n con el Fiscal General del Estado, H\u00e9ctor Cabrera<br \/>\nRivero.&nbsp;<\/div>\n<div class=\"ecxMsoNormal\" style=\"margin-bottom: 0pt; text-align: justify;\">\nLos abogados Heredia, Carlos Pav\u00f3n<br \/>\nFlores y Jorge Luis Esquivel Millet, quienes conforman el equipo de transici\u00f3n<br \/>\ndel sector, pudieron conocer los avances en el trabajo de la FGEY -especialmente<br \/>\nen materia de infraestructura, capacitaci\u00f3n y equipamiento- y externaron sus<br \/>\ndudas con respecto a los proyectos que est\u00e1n en marcha.&nbsp;<\/div>\n<div class=\"ecxMsoNormal\" style=\"margin-bottom: 0pt; text-align: justify;\">\nEn respuesta a sus cuestionamientos,<br \/>\nel Fiscal General explic\u00f3 que una de las prioridades ha sido la implementaci\u00f3n<br \/>\ndel Nuevo Sistema de Justicia Penal, que se ha concretado con la capacitaci\u00f3n<br \/>\nconstante de fiscales, peritos y polic\u00edas investigadores, la modernizaci\u00f3n de<br \/>\nsus sistemas tecnol\u00f3gicos y el equipamiento integral para impulsar la<br \/>\ninvestigaci\u00f3n del delito y la procuraci\u00f3n de justicia.&nbsp;<\/div>\n<div class=\"ecxMsoNormal\" style=\"margin-bottom: 0pt; text-align: justify;\">\nCon la creaci\u00f3n de la Fiscal\u00eda en 2010<br \/>\nse actualiz\u00f3 el marco normativo en la materia, sin embargo se requiere adecuarlo<br \/>\nconstantemente con el prop\u00f3sito de fortalecer el Servicio Profesional de<br \/>\nCarrera, los procesos judiciales y las medidas cautelares que aplica la<br \/>\ninstituci\u00f3n, para responder a los avances que se han logrado, se\u00f1al\u00f3 Cabrera<br \/>\nRivero.<\/div>\n<div class=\"ecxMsoNormal\" style=\"margin-bottom: 0pt; text-align: justify;\">\nEn su oportunidad, el Lic. Carlos<br \/>\nPav\u00f3n reconoci\u00f3 los esfuerzos emprendidos a lo largo de la administraci\u00f3n para<br \/>\noptimizar los servicios prestados y destac\u00f3 los espacios y equipamiento de la<br \/>\nFiscal\u00eda, en especial, los relacionados con el Nuevo Sistema de Justicia<br \/>\nPenal.<\/div>\n<div class=\"ecxMsoNormal\" style=\"margin-bottom: 0pt; text-align: justify;\">\nDurante el encuentro se hizo \u00e9nfasis<br \/>\nen la necesidad de actualizar permanentemente las herramientas tecnol\u00f3gicas con<br \/>\nlas que se cuentan y brindar capaci\u00f3n continua al personal, para prestar<br \/>\nservicios especializados y de calidad, a favor de la ciudadan\u00eda, en particular<br \/>\nlos que se refieren a la investigaci\u00f3n policial con base cient\u00edfica.<\/div>\n<div class=\"ecxMsoNormal\" style=\"margin-bottom: 0pt; text-align: justify;\">\nUna vez concluida la reuni\u00f3n, los<br \/>\nintegrantes del grupo de transici\u00f3n realizaron un recorrido por la Unidad de<br \/>\nSoluci\u00f3n de Controversias de la Fiscal\u00eda General del Estado, donde se destac\u00f3<br \/>\nque los procesos de mediaci\u00f3n y conciliaci\u00f3n son mecanismos que generan<br \/>\nsatisfacci\u00f3n entre quienes los utilizan, adem\u00e1s de ahorrar importantes recursos<br \/>\np\u00fablicos. (Comunicado de prensa)<\/div>\n<div class=\"ecxMsoNormal\" style=\"margin-bottom: 0pt; text-align: justify;\">\n<\/div>\n","protected":false},"excerpt":{"rendered":"<p>Dotar a la Fiscal\u00eda General del Estado (FGEY) de un marco normativo s\u00f3lido para que cuente con los medios necesarios para actuar con certeza ser\u00e1 una de las recomendaciones que<\/p>\n","protected":false},"author":1,"featured_media":23040,"comment_status":"open","ping_status":"open","sticky":false,"template":"","format":"standard","meta":{"jetpack_post_was_ever_published":false,"_jetpack_newsletter_access":"","_jetpack_dont_email_post_to_subs":false,"_jetpack_newsletter_tier_id":0,"_jetpack_memberships_contains_paywalled_content":false,"_jetpack_memberships_contains_paid_content":false,"footnotes":"","jetpack_publicize_message":"","jetpack_publicize_feature_enabled":true,"jetpack_social_post_already_shared":false,"jetpack_social_options":{"image_generator_settings":{"template":"highway","default_image_id":0,"font":"","enabled":false},"version":2}},"categories":[19,1],"tags":[],"class_list":["post-6469","post","type-post","status-publish","format-standard","has-post-thumbnail","hentry","category-de-la-grilla","category-sin-categoria"],"jetpack_publicize_connections":[],"jetpack_featured_media_url":"https:\/\/formalprision.com\/wp-content\/uploads\/2012\/09\/aafiscalia.jpg","jetpack_sharing_enabled":true,"jetpack_shortlink":"https:\/\/wp.me\/p6id8p-1Gl","_links":{"self":[{"href":"https:\/\/formalprision.com\/index.php?rest_route=\/wp\/v2\/posts\/6469","targetHints":{"allow":["GET"]}}],"collection":[{"href":"https:\/\/formalprision.com\/index.php?rest_route=\/wp\/v2\/posts"}],"about":[{"href":"https:\/\/formalprision.com\/index.php?rest_route=\/wp\/v2\/types\/post"}],"author":[{"embeddable":true,"href":"https:\/\/formalprision.com\/index.php?rest_route=\/wp\/v2\/users\/1"}],"replies":[{"embeddable":true,"href":"https:\/\/formalprision.com\/index.php?rest_route=%2Fwp%2Fv2%2Fcomments&post=6469"}],"version-history":[{"count":0,"href":"https:\/\/formalprision.com\/index.php?rest_route=\/wp\/v2\/posts\/6469\/revisions"}],"wp:featuredmedia":[{"embeddable":true,"href":"https:\/\/formalprision.com\/index.php?rest_route=\/wp\/v2\/media\/23040"}],"wp:attachment":[{"href":"https:\/\/formalprision.com\/index.php?rest_route=%2Fwp%2Fv2%2Fmedia&parent=6469"}],"wp:term":[{"taxonomy":"category","embeddable":true,"href":"https:\/\/formalprision.com\/index.php?rest_route=%2Fwp%2Fv2%2Fcategories&post=6469"},{"taxonomy":"post_tag","embeddable":true,"href":"https:\/\/formalprision.com\/index.php?rest_route=%2Fwp%2Fv2%2Ftags&post=6469"}],"curies":[{"name":"wp","href":"https:\/\/api.w.org\/{rel}","templated":true}]}}