{"id":6471,"date":"2012-09-21T03:40:00","date_gmt":"2012-09-21T03:40:00","guid":{"rendered":"http:\/\/formalprision.info\/2012\/09\/21\/se-suicida-ex-jefe-de-la-policia\/"},"modified":"2015-06-03T08:50:13","modified_gmt":"2015-06-03T08:50:13","slug":"se-suicida-ex-jefe-de-la-policia","status":"publish","type":"post","link":"https:\/\/formalprision.com\/?p=6471","title":{"rendered":"Se suicida ex jefe de la polic\u00eda vinculado con capos detenidos en M\u00e9rida"},"content":{"rendered":"<p><\/p>\n<div class=\"separator\" style=\"clear: both; text-align: center;\">\n<a href=\"http:\/\/3.bp.blogspot.com\/-4OBH8jqwNR4\/UFvgsLakgFI\/AAAAAAAALEk\/o0jjiswsHP4\/s1600\/aasucidos.jpg\" imageanchor=\"1\" style=\"margin-left: 1em; margin-right: 1em;\"><img loading=\"lazy\" decoding=\"async\" border=\"0\" height=\"320\" src=\"http:\/\/formalprision.com\/wp-content\/uploads\/2012\/09\/aasucidos.jpg\" width=\"228\" \/><\/a><\/div>\n<div class=\"MsoNormal\" style=\"background: white; margin-bottom: .0001pt; margin-bottom: 0cm; mso-line-height-alt: 12.6pt;\">\n<b>El militar en retiro Eduardo Isidro Guti\u00e9rrez S\u00e1nchez, quien hasta<br \/>\nhace unos d\u00edas fuera director de la Polic\u00eda Municipal de Cozumel, se suicid\u00f3<br \/>\nesta tarde en esa isla.<\/b><\/div>\n<div class=\"MsoNormal\" style=\"background: white; margin-bottom: .0001pt; margin-bottom: 0cm; mso-line-height-alt: 12.6pt;\">\n<b>El ex funcionario polic\u00edaco, quien antes de suicidarse asesin\u00f3 a su esposa,<br \/>\npresuntamente estaba vinculado con los dos capos del narcotr\u00e1fico detenidos en<br \/>\nM\u00e9rida el martes pasado.<\/b><\/div>\n<div class=\"MsoNormal\" style=\"background: white; margin-bottom: .0001pt; margin-bottom: 0cm; mso-line-height-alt: 12.6pt;\">\n<b>Hasta el momento, las autoridades de Quintana Roo no confirman si el suicidio<br \/>\ntuvo relaci\u00f3n con estas capturas, aunque forma parte como una l\u00ednea de investigaci\u00f3n,<br \/>\nadem\u00e1s de que confirmaron que fue removido de su cargo hace unos d\u00edas<br \/>\nprecisamente por los presuntos v\u00ednculos con el crimen organizado.<\/b><\/div>\n<div class=\"MsoNormal\" style=\"background: white; margin-bottom: .0001pt; margin-bottom: 0cm; mso-line-height-alt: 12.6pt;\">\n<b>Los informes emitidos este d\u00eda en Cozumel indican que <\/b><b>asesin\u00f3 a su esposa de cuatro balazos y luego se<br \/>\nsuicid\u00f3 en su casa de la D\u00e9cima Avenida, entre 4 y 2 Norte.<\/b><\/div>\n<div class=\"MsoNormal\" style=\"background: white; margin-bottom: .0001pt; margin-bottom: 0cm; mso-line-height-alt: 12.6pt;\">\n<b>Algunos reportes polic\u00edacos<br \/>\ny period\u00edsticos difundidos en Cozumel se\u00f1alan que ten\u00eda v\u00ednculos con <\/b><b>&nbsp;<\/b><b>Mateo Gabriel Dom\u00ednguez Bouloy (a) Mateo, <\/b><b>detenido el martes en M\u00e9rida y se\u00f1alado como jefe de<br \/>\nplaza de uno de los c\u00e1rteles al servicio de Joaqu\u00edn El Chapo Guzm\u00e1n Loera.<\/b><\/div>\n<div class=\"MsoNormal\" style=\"background: white; margin-bottom: .0001pt; margin-bottom: 0cm; mso-line-height-alt: 12.6pt;\">\n<b>Mateo fue detenido junto con &nbsp;Jos\u00e9 Francisco C\u00e1rdenas Gallegos<\/b><b>, y otros cuatro sujetos en M\u00e9rida, en la zona de<br \/>\nAltabrisa.<\/b><\/div>\n<div class=\"MsoNormal\" style=\"background: white; margin-bottom: .0001pt; margin-bottom: 0cm; mso-line-height-alt: 12.6pt;\">\n<b>La muerte de Guti\u00e9rrez<br \/>\nS\u00e1nchez &nbsp;ocurri\u00f3 &nbsp;a las 5:30 de la tarde, aunque fue encontrado<br \/>\ncon vida y &nbsp;llevado a la cl\u00ednica San<br \/>\nMiguel, donde se certific\u00f3 el deceso.<\/b><\/div>\n<div class=\"MsoNormal\" style=\"background: white; margin-bottom: .0001pt; margin-bottom: 0cm; mso-line-height-alt: 12.6pt;\">\n<b>Guti\u00e9rrez S\u00e1nchez fue &nbsp;director de la polic\u00eda municipal hasta el<br \/>\npasado lunes, cuando fue destituido y su lugar ocupado por el director de la<br \/>\npolic\u00eda municipal de Tulum,&nbsp;Sergio<br \/>\nLuis Terrazas Montes.&nbsp;<\/b><\/div>\n<div class=\"MsoNormal\" style=\"background: white; margin-bottom: .0001pt; margin-bottom: 0cm; mso-line-height-alt: 12.6pt;\">\n<b>El capit\u00e1n en retiro<br \/>\nhab\u00eda sido se\u00f1alado fuertemente por sus presuntos nexos con delincuentes de la<br \/>\nisla. (Foto del portal sipse.com)<\/b><\/div>\n<div class=\"MsoNormal\" style=\"background: white; margin-bottom: .0001pt; margin-bottom: 0cm; mso-line-height-alt: 12.6pt;\">\n<\/div>\n","protected":false},"excerpt":{"rendered":"<p>El militar en retiro Eduardo Isidro Guti\u00e9rrez S\u00e1nchez, quien hasta hace unos d\u00edas fuera director de la Polic\u00eda Municipal de Cozumel, se suicid\u00f3 esta tarde en esa isla. El ex<\/p>\n","protected":false},"author":1,"featured_media":23044,"comment_status":"open","ping_status":"open","sticky":false,"template":"","format":"standard","meta":{"jetpack_post_was_ever_published":false,"_jetpack_newsletter_access":"","_jetpack_dont_email_post_to_subs":false,"_jetpack_newsletter_tier_id":0,"_jetpack_memberships_contains_paywalled_content":false,"_jetpack_memberships_contains_paid_content":false,"footnotes":"","jetpack_publicize_message":"","jetpack_publicize_feature_enabled":true,"jetpack_social_post_already_shared":false,"jetpack_social_options":{"image_generator_settings":{"template":"highway","default_image_id":0,"font":"","enabled":false},"version":2}},"categories":[45,3,1],"tags":[],"class_list":["post-6471","post","type-post","status-publish","format-standard","has-post-thumbnail","hentry","category-delincuentes-vip","category-portada","category-sin-categoria"],"jetpack_publicize_connections":[],"jetpack_featured_media_url":"https:\/\/formalprision.com\/wp-content\/uploads\/2012\/09\/aasucidos.jpg","jetpack_sharing_enabled":true,"jetpack_shortlink":"https:\/\/wp.me\/p6id8p-1Gn","_links":{"self":[{"href":"https:\/\/formalprision.com\/index.php?rest_route=\/wp\/v2\/posts\/6471","targetHints":{"allow":["GET"]}}],"collection":[{"href":"https:\/\/formalprision.com\/index.php?rest_route=\/wp\/v2\/posts"}],"about":[{"href":"https:\/\/formalprision.com\/index.php?rest_route=\/wp\/v2\/types\/post"}],"author":[{"embeddable":true,"href":"https:\/\/formalprision.com\/index.php?rest_route=\/wp\/v2\/users\/1"}],"replies":[{"embeddable":true,"href":"https:\/\/formalprision.com\/index.php?rest_route=%2Fwp%2Fv2%2Fcomments&post=6471"}],"version-history":[{"count":0,"href":"https:\/\/formalprision.com\/index.php?rest_route=\/wp\/v2\/posts\/6471\/revisions"}],"wp:featuredmedia":[{"embeddable":true,"href":"https:\/\/formalprision.com\/index.php?rest_route=\/wp\/v2\/media\/23044"}],"wp:attachment":[{"href":"https:\/\/formalprision.com\/index.php?rest_route=%2Fwp%2Fv2%2Fmedia&parent=6471"}],"wp:term":[{"taxonomy":"category","embeddable":true,"href":"https:\/\/formalprision.com\/index.php?rest_route=%2Fwp%2Fv2%2Fcategories&post=6471"},{"taxonomy":"post_tag","embeddable":true,"href":"https:\/\/formalprision.com\/index.php?rest_route=%2Fwp%2Fv2%2Ftags&post=6471"}],"curies":[{"name":"wp","href":"https:\/\/api.w.org\/{rel}","templated":true}]}}