{"id":6472,"date":"2012-09-21T00:30:00","date_gmt":"2012-09-21T00:30:00","guid":{"rendered":"http:\/\/formalprision.info\/2012\/09\/21\/se-le-mete-el-diablo-y-machetea-dos\/"},"modified":"2015-06-03T08:50:13","modified_gmt":"2015-06-03T08:50:13","slug":"se-le-mete-el-diablo-y-machetea-dos","status":"publish","type":"post","link":"https:\/\/formalprision.com\/?p=6472","title":{"rendered":"Se le mete el Diablo y machetea a dos personas en calles de M\u00e9rida"},"content":{"rendered":"<p><\/p>\n<div class=\"MsoNormal\" style=\"background-color: white; background-position: initial initial; background-repeat: initial initial; margin-bottom: 0.0001pt;\">\n<\/div>\n<div class=\"separator\" style=\"clear: both; text-align: center;\">\n<a href=\"http:\/\/4.bp.blogspot.com\/-KI-AubIgErk\/UFupiJFfZBI\/AAAAAAAALEM\/WYLSFLtpJ-4\/s1600\/aaamacheteadro.jpg\" imageanchor=\"1\" style=\"margin-left: 1em; margin-right: 1em;\"><img loading=\"lazy\" decoding=\"async\" border=\"0\" height=\"320\" src=\"http:\/\/formalprision.com\/wp-content\/uploads\/2012\/09\/aaamacheteadro.jpg\" width=\"215\" \/><\/a><\/div>\n<div class=\"MsoNormal\" style=\"background-color: white; background-position: initial initial; background-repeat: initial initial; margin-bottom: 0.0001pt;\">\nJos\u00e9 Rogelio Escamilla Serrano fue detenido luego de que macheteara a dos<br \/>\npersonas en la colonia M\u00e1ximo Ancona.<\/div>\n<div class=\"MsoNormal\" style=\"background-color: white; background-position: initial initial; background-repeat: initial initial; margin-bottom: 0.0001pt;\">\nEl sujeto agredi\u00f3 primero a un individuo al que considera su peor enemigo y &nbsp;y posteriormente al yerno de \u00e9ste cuando sali\u00f3 en su defensa.<\/div>\n<div class=\"MsoNormal\" style=\"background-color: white; background-position: initial initial; background-repeat: initial initial; margin-bottom: 0.0001pt;\">\nHoy mismo fue consignado al Juzgado S\u00e9ptimo Penal, acusado de portaci\u00f3n de<br \/>\narmas e instrumentos prohibidos y ataques peligrosos, denunciados por &nbsp;Narciso L\u00f3pez Rodr\u00edguez y el terno de \u00e9ste Fredy<br \/>\nDaniel Soberanis Ancona.<\/div>\n<div class=\"MsoNormal\" style=\"background-color: white; background-position: initial initial; background-repeat: initial initial; margin-bottom: 0.0001pt;\">\nDe acuerdo con la denuncia, anteayer Jos\u00e9 Rogelio se encontraba por la<br \/>\ncalle 20 con &nbsp;39 C de la M\u00e1ximo Ancona y<br \/>\nvio pasar a Narciso, con el que tiene problemas desde hace un buen tiempo.<\/div>\n<div class=\"MsoNormal\" style=\"background-color: white; background-position: initial initial; background-repeat: initial initial; margin-bottom: 0.0001pt;\">\nLo agarr\u00f3 desprevenido y le dio un pu\u00f1etazo en el rostro al tiempo que<br \/>\nsacaba un machete y le hiciera una herida en la cabeza.<\/div>\n<div class=\"MsoNormal\" style=\"background-color: white; background-position: initial initial; background-repeat: initial initial; margin-bottom: 0.0001pt;\">\nVecinos del rumbo le gritaron al yerno del agredido y sali\u00f3 en su defensa,<br \/>\npero tambi\u00e9n le lanz\u00f3 varios tajos, resultando lesionado en el brazo izquierdo.<\/div>\n<div class=\"MsoNormal\" style=\"background-color: white; background-position: initial initial; background-repeat: initial initial; margin-bottom: 0.0001pt;\">\nAl sitio llegaron familiares del energ\u00fameno y lograron desarmarlo.<br \/>\nPosteriormente lo escondieron en la casa de uno de sus familiares.<\/div>\n<div class=\"MsoNormal\" style=\"background-color: white; background-position: initial initial; background-repeat: initial initial; margin-bottom: 0.0001pt;\">\nPoco despu\u00e9s llegaron agentes de la SSP y le advirtieron al agresor que se<br \/>\nentregara, pues de lo contrario enfrentar\u00eda un problema m\u00e1s grande.<\/div>\n<div class=\"MsoNormal\" style=\"background-color: white; background-position: initial initial; background-repeat: initial initial; margin-bottom: 0.0001pt;\">\nEl agresor acept\u00f3 salir y fue detenido por los agentes, quienes lo<br \/>\ntrasladaron al Ministerio P\u00fablico y ahora llega al penal.<\/div>\n<div class=\"MsoNormal\" style=\"background-color: white; background-position: initial initial; background-repeat: initial initial; margin-bottom: 5.25pt;\">\n<\/div>\n<div class=\"MsoNormal\">\n<\/div>\n<p><\/p>\n","protected":false},"excerpt":{"rendered":"<p>Jos\u00e9 Rogelio Escamilla Serrano fue detenido luego de que macheteara a dos personas en la colonia M\u00e1ximo Ancona. El sujeto agredi\u00f3 primero a un individuo al que considera su peor<\/p>\n","protected":false},"author":1,"featured_media":23046,"comment_status":"open","ping_status":"open","sticky":false,"template":"","format":"standard","meta":{"jetpack_post_was_ever_published":false,"_jetpack_newsletter_access":"","_jetpack_dont_email_post_to_subs":false,"_jetpack_newsletter_tier_id":0,"_jetpack_memberships_contains_paywalled_content":false,"_jetpack_memberships_contains_paid_content":false,"footnotes":"","jetpack_publicize_message":"","jetpack_publicize_feature_enabled":true,"jetpack_social_post_already_shared":false,"jetpack_social_options":{"image_generator_settings":{"template":"highway","default_image_id":0,"font":"","enabled":false},"version":2}},"categories":[50,3,1],"tags":[],"class_list":["post-6472","post","type-post","status-publish","format-standard","has-post-thumbnail","hentry","category-machines","category-portada","category-sin-categoria"],"jetpack_publicize_connections":[],"jetpack_featured_media_url":"https:\/\/formalprision.com\/wp-content\/uploads\/2012\/09\/aaamacheteadro.jpg","jetpack_sharing_enabled":true,"jetpack_shortlink":"https:\/\/wp.me\/p6id8p-1Go","_links":{"self":[{"href":"https:\/\/formalprision.com\/index.php?rest_route=\/wp\/v2\/posts\/6472","targetHints":{"allow":["GET"]}}],"collection":[{"href":"https:\/\/formalprision.com\/index.php?rest_route=\/wp\/v2\/posts"}],"about":[{"href":"https:\/\/formalprision.com\/index.php?rest_route=\/wp\/v2\/types\/post"}],"author":[{"embeddable":true,"href":"https:\/\/formalprision.com\/index.php?rest_route=\/wp\/v2\/users\/1"}],"replies":[{"embeddable":true,"href":"https:\/\/formalprision.com\/index.php?rest_route=%2Fwp%2Fv2%2Fcomments&post=6472"}],"version-history":[{"count":0,"href":"https:\/\/formalprision.com\/index.php?rest_route=\/wp\/v2\/posts\/6472\/revisions"}],"wp:featuredmedia":[{"embeddable":true,"href":"https:\/\/formalprision.com\/index.php?rest_route=\/wp\/v2\/media\/23046"}],"wp:attachment":[{"href":"https:\/\/formalprision.com\/index.php?rest_route=%2Fwp%2Fv2%2Fmedia&parent=6472"}],"wp:term":[{"taxonomy":"category","embeddable":true,"href":"https:\/\/formalprision.com\/index.php?rest_route=%2Fwp%2Fv2%2Fcategories&post=6472"},{"taxonomy":"post_tag","embeddable":true,"href":"https:\/\/formalprision.com\/index.php?rest_route=%2Fwp%2Fv2%2Ftags&post=6472"}],"curies":[{"name":"wp","href":"https:\/\/api.w.org\/{rel}","templated":true}]}}