{"id":6473,"date":"2012-09-20T23:00:00","date_gmt":"2012-09-20T23:00:00","guid":{"rendered":"http:\/\/formalprision.info\/2012\/09\/20\/capos-del-narco-detenidos-en-merida\/"},"modified":"2015-06-03T08:50:13","modified_gmt":"2015-06-03T08:50:13","slug":"capos-del-narco-detenidos-en-merida","status":"publish","type":"post","link":"https:\/\/formalprision.com\/?p=6473","title":{"rendered":"Capos del narco detenidos en M\u00e9rida eran buscados por secuestro y ejecuciones"},"content":{"rendered":"<p><\/p>\n<div class=\"separator\" style=\"clear: both; text-align: center;\">\n<a href=\"http:\/\/1.bp.blogspot.com\/-GVIseZ0qtY8\/UFuXiUgdKUI\/AAAAAAAALD0\/YPQ1XStF0To\/s1600\/aachapos.JPG\" imageanchor=\"1\" style=\"margin-left: 1em; margin-right: 1em;\"><img loading=\"lazy\" decoding=\"async\" border=\"0\" height=\"213\" src=\"http:\/\/formalprision.com\/wp-content\/uploads\/2012\/09\/aachapos1.jpg\" width=\"320\" \/><\/a><\/div>\n<div class=\"MsoNormal\" style=\"background: white; margin-bottom: .0001pt; margin-bottom: 0cm; mso-line-height-alt: 12.6pt;\">\nLos dos jefes de plaza en Cozumel de una c\u00e9lula del narcotr\u00e1fico detenidos en<br \/>\nM\u00e9rida son requeridos en Quintana Roo por privaci\u00f3n ilegal de la libertad.<\/div>\n<div class=\"MsoNormal\" style=\"background: white; margin-bottom: .0001pt; margin-bottom: 0cm; mso-line-height-alt: 12.6pt;\">\nContra los otros cuatro no hay \u00f3rdenes de captura, pero contin\u00faan a<br \/>\ndisposici\u00f3n de la autoridad ministerial para determinar si ser\u00e1n consignados a<br \/>\nun Juzgado Penal en M\u00e9rida o enviados tambi\u00e9n a Quintana Roo.<\/div>\n<div class=\"MsoNormal\" style=\"background: white; margin-bottom: .0001pt; margin-bottom: 0cm; mso-line-height-alt: 12.6pt;\">\nEl fiscal general H\u00e9ctor Cabrera Rivero confirm\u00f3 que &nbsp;<b>Mateo Gabriel Dom\u00ednguez Bouloy (a) Mateo<\/b><b>&nbsp;<\/b>y&nbsp;<b>Jos\u00e9 Francisco C\u00e1rdenas Gallegos<\/b>, ambos de 34 a\u00f1os de<br \/>\nedad, fueron enviados a Quintana Roo v\u00eda a\u00e9rea porque tienen \u00f3rdenes de captura<br \/>\nvigentes por privaci\u00f3n ilegal de la libertad, delito considerado grave.<\/div>\n<div class=\"MsoNormal\" style=\"background: white; margin-bottom: .0001pt; margin-bottom: 0cm; mso-line-height-alt: 12.6pt;\">\nSe averigu\u00f3 que ambos son se\u00f1alados responsables de la desaparici\u00f3n de dos<br \/>\npersonas en tierras quintanarroenses, adem\u00e1s de que se les involucra en varias ejecuciones en el vecino estado.<\/div>\n<div class=\"MsoNormal\" style=\"background: white; margin-bottom: .0001pt; margin-bottom: 0cm; mso-line-height-alt: 12.6pt;\">\nDe los otros cuatro detenidos, por lo menos James Dom\u00ednguez Bouloy, hermano<br \/>\nde Mateo, tiene antecedentes penales en Quintana Roo, aunque ya hab\u00eda<br \/>\nenfrentado juicio y estaba libre con apego a la ley.<\/div>\n<div class=\"MsoNormal\" style=\"background: white; margin-bottom: .0001pt; margin-bottom: 0cm; mso-line-height-alt: 12.6pt;\">\nLos dos principales capos y los otros cuatro detenidos fueron capturados la<br \/>\nnoche del martes en el &nbsp;rumbo de<br \/>\nAltabrisa.<\/div>\n<div class=\"MsoNormal\" style=\"background: white; margin-bottom: .0001pt; margin-bottom: 0cm; mso-line-height-alt: 12.6pt;\">\nLa detenci\u00f3n, seg\u00fan informaron oficialmente las autoridades yucatecas, &nbsp;fue por intentar sobornar a polic\u00edas que<br \/>\npretend\u00edan llevarse al corral\u00f3n una camioneta en la que viajaban dos de los<br \/>\nsujetos que circulaban a exceso de velocidad frente al nuevo Eladios de<br \/>\nAltabrisa.<\/div>\n<div class=\"MsoNormal\" style=\"background: white; margin-bottom: .0001pt; margin-bottom: 0cm; mso-line-height-alt: 12.6pt;\">\nLos sujetos jalonearon a los agentes, quienes pidieron refuerzos y los<br \/>\ndetuvieron, confirmando luego de que dos de los detenidos ten\u00edan \u00f3rdenes de<br \/>\naprehensi\u00f3n en Quintana Roo por privaci\u00f3n ilegal de la libertad.<\/div>\n<div class=\"MsoNormal\" style=\"background: white; margin-bottom: .0001pt; margin-bottom: 0cm; mso-line-height-alt: 12.6pt;\">\nLos otros cuatro detenidos son&nbsp;<b>Walter Aar\u00f3n Canul<br \/>\nLoeza<\/b>, de 23 a\u00f1os, intoxicado con cannabis y coca\u00edna;&nbsp;<b>Pedro Pablo C\u00e1rdenas Gallegos<\/b>, de 31 a\u00f1os, intoxicado con cannabis y<br \/>\ncoca\u00edna;&nbsp;<b>Jos\u00e9 Ra\u00fal Correa Gonz\u00e1lez<\/b>, de 30 a\u00f1os,<br \/>\nintoxicado con coca\u00edna; y&nbsp;<b>James Dom\u00ednguez <\/b>, de 31 a\u00f1os,<br \/>\nintoxicado con cannabis.<\/div>\n<div class=\"MsoNormal\" style=\"background: white; margin-bottom: .0001pt; margin-bottom: 0cm; mso-line-height-alt: 12.6pt;\">\n<\/div>\n","protected":false},"excerpt":{"rendered":"<p>Los dos jefes de plaza en Cozumel de una c\u00e9lula del narcotr\u00e1fico detenidos en M\u00e9rida son requeridos en Quintana Roo por privaci\u00f3n ilegal de la libertad. Contra los otros cuatro<\/p>\n","protected":false},"author":1,"featured_media":23048,"comment_status":"open","ping_status":"open","sticky":false,"template":"","format":"standard","meta":{"jetpack_post_was_ever_published":false,"_jetpack_newsletter_access":"","_jetpack_dont_email_post_to_subs":false,"_jetpack_newsletter_tier_id":0,"_jetpack_memberships_contains_paywalled_content":false,"_jetpack_memberships_contains_paid_content":false,"footnotes":"","jetpack_publicize_message":"","jetpack_publicize_feature_enabled":true,"jetpack_social_post_already_shared":false,"jetpack_social_options":{"image_generator_settings":{"template":"highway","default_image_id":0,"font":"","enabled":false},"version":2}},"categories":[47,3,1],"tags":[],"class_list":["post-6473","post","type-post","status-publish","format-standard","has-post-thumbnail","hentry","category-narcos","category-portada","category-sin-categoria"],"jetpack_publicize_connections":[],"jetpack_featured_media_url":"https:\/\/formalprision.com\/wp-content\/uploads\/2012\/09\/aachapos1.jpg","jetpack_sharing_enabled":true,"jetpack_shortlink":"https:\/\/wp.me\/p6id8p-1Gp","_links":{"self":[{"href":"https:\/\/formalprision.com\/index.php?rest_route=\/wp\/v2\/posts\/6473","targetHints":{"allow":["GET"]}}],"collection":[{"href":"https:\/\/formalprision.com\/index.php?rest_route=\/wp\/v2\/posts"}],"about":[{"href":"https:\/\/formalprision.com\/index.php?rest_route=\/wp\/v2\/types\/post"}],"author":[{"embeddable":true,"href":"https:\/\/formalprision.com\/index.php?rest_route=\/wp\/v2\/users\/1"}],"replies":[{"embeddable":true,"href":"https:\/\/formalprision.com\/index.php?rest_route=%2Fwp%2Fv2%2Fcomments&post=6473"}],"version-history":[{"count":0,"href":"https:\/\/formalprision.com\/index.php?rest_route=\/wp\/v2\/posts\/6473\/revisions"}],"wp:featuredmedia":[{"embeddable":true,"href":"https:\/\/formalprision.com\/index.php?rest_route=\/wp\/v2\/media\/23048"}],"wp:attachment":[{"href":"https:\/\/formalprision.com\/index.php?rest_route=%2Fwp%2Fv2%2Fmedia&parent=6473"}],"wp:term":[{"taxonomy":"category","embeddable":true,"href":"https:\/\/formalprision.com\/index.php?rest_route=%2Fwp%2Fv2%2Fcategories&post=6473"},{"taxonomy":"post_tag","embeddable":true,"href":"https:\/\/formalprision.com\/index.php?rest_route=%2Fwp%2Fv2%2Ftags&post=6473"}],"curies":[{"name":"wp","href":"https:\/\/api.w.org\/{rel}","templated":true}]}}