{"id":6478,"date":"2012-09-20T00:45:00","date_gmt":"2012-09-20T00:45:00","guid":{"rendered":"http:\/\/formalprision.info\/2012\/09\/20\/detienen-en-merida-jefe-de-plaza-de\/"},"modified":"2015-06-03T08:50:14","modified_gmt":"2015-06-03T08:50:14","slug":"detienen-en-merida-jefe-de-plaza-de","status":"publish","type":"post","link":"https:\/\/formalprision.com\/?p=6478","title":{"rendered":"Detienen en M\u00e9rida a jefe de plaza del narcotr\u00e1fico en Cozumel"},"content":{"rendered":"<div class=\"separator\" style=\"clear: both; text-align: center;\">\n<a href=\"http:\/\/2.bp.blogspot.com\/-KJ1yWsbjXzM\/UFqbz6NvZeI\/AAAAAAAALCs\/5QuoH4dyxRM\/s1600\/aaaagimnas.jpg\" imageanchor=\"1\" style=\"margin-left: 1em; margin-right: 1em;\"><img loading=\"lazy\" decoding=\"async\" border=\"0\" height=\"213\" src=\"http:\/\/formalprision.com\/wp-content\/uploads\/2012\/09\/aaaagimnas.jpg\" width=\"320\" \/><\/a><\/div>\n<p>Mateo Dominguez Bouloy, jefe de una de las<br \/>\nc\u00e9lulas del narco que opera en Cozumel, fue detenido esta tarde en M\u00e9rida.<\/p>\n<div class=\"MsoNormal\" style=\"background-color: white; background-position: initial initial; background-repeat: initial initial; margin-bottom: 5.25pt;\">\nLa detenci\u00f3n estuvo a cargo de la Marina<br \/>\nArmada de M\u00e9xico, con apoyo de polic\u00edas estatales.<\/div>\n<div class=\"MsoNormal\" style=\"background-color: white; background-position: initial initial; background-repeat: initial initial; margin-bottom: 5.25pt;\">\nJunto con el narcotraficante fue detenido<br \/>\nsu lugarteniente de nombre \u201cFranco\u201d.<\/div>\n<div class=\"MsoNormal\" style=\"background-color: white; background-position: initial initial; background-repeat: initial initial; margin-bottom: 5.25pt;\">\nAunque todav\u00eda no hay informaci\u00f3n oficial,<br \/>\nel gobernador de Quintana Roo, Roberto Borge, anunci\u00f3 la detenci\u00f3n hace algunos<br \/>\nminutos.<\/div>\n<div class=\"MsoNormal\" style=\"background-color: white; background-position: initial initial; background-repeat: initial initial; margin-bottom: 5.25pt;\">\nEl funcionario, a trav\u00e9s de su cuenta de<br \/>\nTwitter, se\u00f1al\u00f3 que Dom\u00ednguez Bouloy fue capturado en M\u00e9rida y agradeci\u00f3 el<br \/>\napoyo a la gobernador Ivonne Ortega Pacheco.<\/div>\n<div class=\"MsoNormal\" style=\"background-color: white; background-position: initial initial; background-repeat: initial initial; margin-bottom: 5.25pt;\">\nSe\u00f1al\u00f3 que los dos narcos fueron detenidos<br \/>\nen un operativo especial conjunto entre autoridades federales y estatales.<\/div>\n<div class=\"MsoNormal\" style=\"background-color: white; background-position: initial initial; background-repeat: initial initial; margin-bottom: 5.25pt;\">\nAmpliaremos la informaci\u00f3n en breve.<\/div>\n<div class=\"MsoNormal\" style=\"background-color: white; background-position: initial initial; background-repeat: initial initial; margin-bottom: 5.25pt;\">\n<\/div>\n","protected":false},"excerpt":{"rendered":"<p>Mateo Dominguez Bouloy, jefe de una de las c\u00e9lulas del narco que opera en Cozumel, fue detenido esta tarde en M\u00e9rida. La detenci\u00f3n estuvo a cargo de la Marina Armada<\/p>\n","protected":false},"author":1,"featured_media":23058,"comment_status":"open","ping_status":"open","sticky":false,"template":"","format":"standard","meta":{"jetpack_post_was_ever_published":false,"_jetpack_newsletter_access":"","_jetpack_dont_email_post_to_subs":false,"_jetpack_newsletter_tier_id":0,"_jetpack_memberships_contains_paywalled_content":false,"_jetpack_memberships_contains_paid_content":false,"footnotes":"","jetpack_publicize_message":"","jetpack_publicize_feature_enabled":true,"jetpack_social_post_already_shared":false,"jetpack_social_options":{"image_generator_settings":{"template":"highway","default_image_id":0,"font":"","enabled":false},"version":2}},"categories":[45,47,3,1],"tags":[],"class_list":["post-6478","post","type-post","status-publish","format-standard","has-post-thumbnail","hentry","category-delincuentes-vip","category-narcos","category-portada","category-sin-categoria"],"jetpack_publicize_connections":[],"jetpack_featured_media_url":"https:\/\/formalprision.com\/wp-content\/uploads\/2012\/09\/aaaagimnas.jpg","jetpack_sharing_enabled":true,"jetpack_shortlink":"https:\/\/wp.me\/p6id8p-1Gu","_links":{"self":[{"href":"https:\/\/formalprision.com\/index.php?rest_route=\/wp\/v2\/posts\/6478","targetHints":{"allow":["GET"]}}],"collection":[{"href":"https:\/\/formalprision.com\/index.php?rest_route=\/wp\/v2\/posts"}],"about":[{"href":"https:\/\/formalprision.com\/index.php?rest_route=\/wp\/v2\/types\/post"}],"author":[{"embeddable":true,"href":"https:\/\/formalprision.com\/index.php?rest_route=\/wp\/v2\/users\/1"}],"replies":[{"embeddable":true,"href":"https:\/\/formalprision.com\/index.php?rest_route=%2Fwp%2Fv2%2Fcomments&post=6478"}],"version-history":[{"count":0,"href":"https:\/\/formalprision.com\/index.php?rest_route=\/wp\/v2\/posts\/6478\/revisions"}],"wp:featuredmedia":[{"embeddable":true,"href":"https:\/\/formalprision.com\/index.php?rest_route=\/wp\/v2\/media\/23058"}],"wp:attachment":[{"href":"https:\/\/formalprision.com\/index.php?rest_route=%2Fwp%2Fv2%2Fmedia&parent=6478"}],"wp:term":[{"taxonomy":"category","embeddable":true,"href":"https:\/\/formalprision.com\/index.php?rest_route=%2Fwp%2Fv2%2Fcategories&post=6478"},{"taxonomy":"post_tag","embeddable":true,"href":"https:\/\/formalprision.com\/index.php?rest_route=%2Fwp%2Fv2%2Ftags&post=6478"}],"curies":[{"name":"wp","href":"https:\/\/api.w.org\/{rel}","templated":true}]}}