{"id":6480,"date":"2012-09-19T22:30:00","date_gmt":"2012-09-19T22:30:00","guid":{"rendered":"http:\/\/formalprision.info\/2012\/09\/19\/envian-bin-laden-al-penal-de-maxima\/"},"modified":"2015-06-03T08:50:14","modified_gmt":"2015-06-03T08:50:14","slug":"envian-bin-laden-al-penal-de-maxima","status":"publish","type":"post","link":"https:\/\/formalprision.com\/?p=6480","title":{"rendered":"Env\u00edan a Bin Laden al penal de m\u00e1xima seguridad por filetear a un pescador"},"content":{"rendered":"<p><\/p>\n<div class=\"separator\" style=\"clear: both; text-align: center;\">\n<a href=\"http:\/\/3.bp.blogspot.com\/-PKL7amIAUE4\/UFpFJ4RbK4I\/AAAAAAAALBE\/sb995z_dK9s\/s1600\/aaterroristabin.jpg\" imageanchor=\"1\" style=\"margin-left: 1em; margin-right: 1em;\"><img loading=\"lazy\" decoding=\"async\" border=\"0\" height=\"239\" src=\"http:\/\/formalprision.com\/wp-content\/uploads\/2012\/09\/aaterroristabin.jpg\" width=\"320\" \/><\/a><\/div>\n<div class=\"separator\" style=\"clear: both; text-align: center;\">\n<a href=\"http:\/\/formalprision.com\/wp-content\/uploads\/2012\/09\/aafiletzo.jpg\" imageanchor=\"1\" style=\"margin-left: 1em; margin-right: 1em;\"><img decoding=\"async\" border=\"0\" src=\"http:\/\/formalprision.com\/wp-content\/uploads\/2012\/09\/aafiletzo.jpg\" \/><\/a><\/div>\n<div class=\"MsoNormal\" style=\"background-color: white; background-position: initial initial; background-repeat: initial initial; margin-bottom: 5.25pt;\">\nEl pescador Jorge Tuz Poot (a) \u201cBin Laden\u201d fue enviado al penal meridano y consignado &nbsp;a un Juzgado Penal luego de que lesionara con<br \/>\nun cuchillo agrediera a otro hombre de mar.<\/div>\n<div class=\"MsoNormal\" style=\"background-color: white; background-position: initial initial; background-repeat: initial initial; margin-bottom: 0.0001pt;\">\n\u201cBin Laden\u201d admiti\u00f3 la agresi\u00f3n, pero dijo que fue en defensa propia y como<br \/>\nacto reflejo al ser agredido por \u201cEl Gato\u201d cuando desescamaba un pescado.<\/div>\n<div class=\"MsoNormal\" style=\"background-color: white; background-position: initial initial; background-repeat: initial initial; margin-bottom: 0.0001pt;\">\nHoy &nbsp;\u201cBin Laden\u201d compareci\u00f3 ante el Juzgado<br \/>\nS\u00e9ptimo Penal, acusado de &nbsp;lesiones,<br \/>\nataques peligrosos y portaci\u00f3n de armas e instrumentos prohibidos, denunciado<br \/>\npor el campechano Cipriano Le\u00f3n Ku (a) \u201cEl Gato\u201d.<\/div>\n<div class=\"MsoNormal\" style=\"background-color: white; background-position: initial initial; background-repeat: initial initial; margin-bottom: 0.0001pt;\">\nLa agresi\u00f3n fue en la zona conocida como \u201cLa Caleta\u201d, en Progreso.<\/div>\n<div class=\"MsoNormal\" style=\"background-color: white; background-position: initial initial; background-repeat: initial initial; margin-bottom: 0.0001pt;\">\nEl Gato afirm\u00f3 que pasaba por el sitio cuando fue lesionado con un cuchillo<br \/>\npor \u201cBin Laden\u201d por motivos que desconoce,<\/div>\n<div class=\"MsoNormal\" style=\"background-color: white; background-position: initial initial; background-repeat: initial initial; margin-bottom: 0.0001pt;\">\nAl rendir su declaraci\u00f3n, el detenido dijo que estaba en una &nbsp;embarcaci\u00f3n limpiando un pescado y se le<br \/>\nacerc\u00f3 el otro individuo y empez\u00f3 a insultarlo.<\/div>\n<div class=\"MsoNormal\" style=\"background-color: white; background-position: initial initial; background-repeat: initial initial; margin-bottom: 5.25pt;\">\nIntent\u00f3 agredirlo, por lo que \u00e9l levant\u00f3 por instinto la mano y El Gato se clav\u00f3<br \/>\nsolito.<\/div>\n<div class=\"MsoNormal\" style=\"background-color: white; background-position: initial initial; background-repeat: initial initial; margin-bottom: 5.25pt;\">\nReiter\u00f3 que no tuvo intenciones de lesionarlo y por eso se qued\u00f3 en la<br \/>\nembarcaci\u00f3n para que llegaran las autoridades y aclararan todo.<\/div>\n<div class=\"MsoNormal\" style=\"background-color: white; background-position: initial initial; background-repeat: initial initial; margin-bottom: 5.25pt;\">\nNo tiene derecho a salir libre del penal de m\u00e1xima seguridad &nbsp;porque las lesiones son de las que ponen en<br \/>\npeligro la vida.<\/div>\n","protected":false},"excerpt":{"rendered":"<p>El pescador Jorge Tuz Poot (a) \u201cBin Laden\u201d fue enviado al penal meridano y consignado &nbsp;a un Juzgado Penal luego de que lesionara con un cuchillo agrediera a otro hombre<\/p>\n","protected":false},"author":1,"featured_media":23062,"comment_status":"open","ping_status":"open","sticky":false,"template":"","format":"standard","meta":{"jetpack_post_was_ever_published":false,"_jetpack_newsletter_access":"","_jetpack_dont_email_post_to_subs":false,"_jetpack_newsletter_tier_id":0,"_jetpack_memberships_contains_paywalled_content":false,"_jetpack_memberships_contains_paid_content":false,"footnotes":"","jetpack_publicize_message":"","jetpack_publicize_feature_enabled":true,"jetpack_social_post_already_shared":false,"jetpack_social_options":{"image_generator_settings":{"template":"highway","default_image_id":0,"font":"","enabled":false},"version":2}},"categories":[50,3,1],"tags":[],"class_list":["post-6480","post","type-post","status-publish","format-standard","has-post-thumbnail","hentry","category-machines","category-portada","category-sin-categoria"],"jetpack_publicize_connections":[],"jetpack_featured_media_url":"https:\/\/formalprision.com\/wp-content\/uploads\/2012\/09\/aaterroristabin.jpg","jetpack_sharing_enabled":true,"jetpack_shortlink":"https:\/\/wp.me\/p6id8p-1Gw","_links":{"self":[{"href":"https:\/\/formalprision.com\/index.php?rest_route=\/wp\/v2\/posts\/6480","targetHints":{"allow":["GET"]}}],"collection":[{"href":"https:\/\/formalprision.com\/index.php?rest_route=\/wp\/v2\/posts"}],"about":[{"href":"https:\/\/formalprision.com\/index.php?rest_route=\/wp\/v2\/types\/post"}],"author":[{"embeddable":true,"href":"https:\/\/formalprision.com\/index.php?rest_route=\/wp\/v2\/users\/1"}],"replies":[{"embeddable":true,"href":"https:\/\/formalprision.com\/index.php?rest_route=%2Fwp%2Fv2%2Fcomments&post=6480"}],"version-history":[{"count":0,"href":"https:\/\/formalprision.com\/index.php?rest_route=\/wp\/v2\/posts\/6480\/revisions"}],"wp:featuredmedia":[{"embeddable":true,"href":"https:\/\/formalprision.com\/index.php?rest_route=\/wp\/v2\/media\/23062"}],"wp:attachment":[{"href":"https:\/\/formalprision.com\/index.php?rest_route=%2Fwp%2Fv2%2Fmedia&parent=6480"}],"wp:term":[{"taxonomy":"category","embeddable":true,"href":"https:\/\/formalprision.com\/index.php?rest_route=%2Fwp%2Fv2%2Fcategories&post=6480"},{"taxonomy":"post_tag","embeddable":true,"href":"https:\/\/formalprision.com\/index.php?rest_route=%2Fwp%2Fv2%2Ftags&post=6480"}],"curies":[{"name":"wp","href":"https:\/\/api.w.org\/{rel}","templated":true}]}}