{"id":6485,"date":"2012-09-18T21:28:00","date_gmt":"2012-09-18T21:28:00","guid":{"rendered":"http:\/\/formalprision.info\/2012\/09\/18\/visita-la-ssp-el-equipo-de-transicion\/"},"modified":"2015-06-03T08:50:15","modified_gmt":"2015-06-03T08:50:15","slug":"visita-la-ssp-el-equipo-de-transicion","status":"publish","type":"post","link":"https:\/\/formalprision.com\/?p=6485","title":{"rendered":"Visita la SSP el equipo de transici\u00f3n de Rolando Zapata"},"content":{"rendered":"<div class=\"separator\" style=\"clear: both; text-align: center;\">\n<a href=\"http:\/\/1.bp.blogspot.com\/-2-EOimr45Vw\/UFjnP8ulp1I\/AAAAAAAAK_M\/GCC01vlR-4U\/s1600\/aaasaidini.JPG\" imageanchor=\"1\" style=\"margin-left: 1em; margin-right: 1em;\"><img loading=\"lazy\" decoding=\"async\" border=\"0\" height=\"214\" src=\"http:\/\/formalprision.com\/wp-content\/uploads\/2012\/09\/aaasaidini.jpg\" width=\"320\" \/><\/a><\/div>\n<p>En el marco de los trabajos del equipo de transici\u00f3n gubernamental, los miembros<br \/>\ndel sector de Legalidad y Seguridad, visitaron la Secretar\u00eda de Seguridad<br \/>\nP\u00fablica (SSP) y la Consejer\u00eda Jur\u00eddica, para conocer la situaci\u00f3n de las<br \/>\ndependencias y enriquecer &nbsp;los compromisos asumidos por el Gobernador Electo,<br \/>\nRolando Zapata Bello.<br \/>Los abogados Ra\u00fal Pino Navarrete, Carlos Herrera<br \/>\nHeredia, Carlos Pav\u00f3n Flores y Jorge Luis Esquivel Millet, se entrevistaron con<br \/>\nel comandante Luis Felipe Said\u00e9n Ojeda, titular de la SSP, quien expuso el<br \/>\nsistema operativo y de inteligencia de la instituci\u00f3n que ha permitido mantener<br \/>\na Yucat\u00e1n como el estado m\u00e1s seguro del pa\u00eds.<br \/>La reuni\u00f3n privada inici\u00f3<br \/>\ncon un recorrido por el Centro de Monitoreo de la instituci\u00f3n donde se observ\u00f3<br \/>\nc\u00f3mo &nbsp;trabaja el equipo de c\u00e1maras remotas instaladas en toda la urbe, la<br \/>\ncentral de radio, el sistema de recepci\u00f3n de llamadas de auxilio y el trabajo de<br \/>\ndespacho de las unidades de auxilio de bomberos, Departamento Canino y<br \/>\nProtecci\u00f3n y Vialidad.<br \/>A los visitantes les interes\u00f3 la labor de los<br \/>\npolic\u00edas Alma Yuridia Correa Santiago y Howard Castillo Le\u00f3n, quienes trabajan<br \/>\nen la Central de Radiocomunicaci\u00f3n de la instituci\u00f3n. Ambos son invidentes y<br \/>\nrealizan importante encomienda dentro de la Secretar\u00eda, lo cual, gener\u00f3 la<br \/>\n&nbsp;felicitaci\u00f3n de los cuatro integrantes del equipo de transici\u00f3n.<br \/>Despu\u00e9s<br \/>\nde escuchar al Secretario de Seguridad P\u00fablica, el abogado Carlos Herrera<br \/>\nHeredia, afirm\u00f3 que los avances en la materia han permitido que la entidad sea<br \/>\nla m\u00e1s segura del pa\u00eds. &nbsp;Adelant\u00f3 que una de las primeras recomendaciones que<br \/>\nemitir\u00e1 el grupo ciudadano de ese sector &nbsp;ser\u00e1 la creaci\u00f3n de la Ley del Sistema<br \/>\nEstatal de Seguridad P\u00fablica, para contar con un marco legal propicio que<br \/>\npermita cumplir los compromisos de gobierno en esta materia.<br \/>Por su<br \/>\nparte, Carlos Pav\u00f3n Flores, &nbsp;recalc\u00f3 la importancia de hacer una revisi\u00f3n de la<br \/>\nnormatividad que impacta en la labor de los cuerpos de polic\u00eda para darles<br \/>\ncerteza jur\u00eddica, mejorar sus condiciones laborales y otorgarles m\u00e1s<br \/>\ncapacitaci\u00f3n. <br \/>El Comandante Said\u00e9n Ojeda, recalc\u00f3 que la participaci\u00f3n<br \/>\nciudadana ser\u00e1 fundamental para mantener la seguridad en el estado, pues en la<br \/>\nmedida en que se tomen en cuenta sus derechos, demandas, aspiraciones y<br \/>\npropuestas, tambi\u00e9n se fortalecer\u00e1n las instituciones estatales. Participaci\u00f3n<br \/>\nciudadana que se da, precisamente, con los trabajos del equipo de transici\u00f3n<br \/>\ngenerados por el Gobernador Electo. (Comunicado de prensa)<\/p>\n","protected":false},"excerpt":{"rendered":"<p>En el marco de los trabajos del equipo de transici\u00f3n gubernamental, los miembros del sector de Legalidad y Seguridad, visitaron la Secretar\u00eda de Seguridad P\u00fablica (SSP) y la Consejer\u00eda Jur\u00eddica,<\/p>\n","protected":false},"author":1,"featured_media":23073,"comment_status":"open","ping_status":"open","sticky":false,"template":"","format":"standard","meta":{"jetpack_post_was_ever_published":false,"_jetpack_newsletter_access":"","_jetpack_dont_email_post_to_subs":false,"_jetpack_newsletter_tier_id":0,"_jetpack_memberships_contains_paywalled_content":false,"_jetpack_memberships_contains_paid_content":false,"footnotes":"","jetpack_publicize_message":"","jetpack_publicize_feature_enabled":true,"jetpack_social_post_already_shared":false,"jetpack_social_options":{"image_generator_settings":{"template":"highway","default_image_id":0,"font":"","enabled":false},"version":2}},"categories":[19,1],"tags":[],"class_list":["post-6485","post","type-post","status-publish","format-standard","has-post-thumbnail","hentry","category-de-la-grilla","category-sin-categoria"],"jetpack_publicize_connections":[],"jetpack_featured_media_url":"https:\/\/formalprision.com\/wp-content\/uploads\/2012\/09\/aaasaidini.jpg","jetpack_sharing_enabled":true,"jetpack_shortlink":"https:\/\/wp.me\/p6id8p-1GB","_links":{"self":[{"href":"https:\/\/formalprision.com\/index.php?rest_route=\/wp\/v2\/posts\/6485","targetHints":{"allow":["GET"]}}],"collection":[{"href":"https:\/\/formalprision.com\/index.php?rest_route=\/wp\/v2\/posts"}],"about":[{"href":"https:\/\/formalprision.com\/index.php?rest_route=\/wp\/v2\/types\/post"}],"author":[{"embeddable":true,"href":"https:\/\/formalprision.com\/index.php?rest_route=\/wp\/v2\/users\/1"}],"replies":[{"embeddable":true,"href":"https:\/\/formalprision.com\/index.php?rest_route=%2Fwp%2Fv2%2Fcomments&post=6485"}],"version-history":[{"count":0,"href":"https:\/\/formalprision.com\/index.php?rest_route=\/wp\/v2\/posts\/6485\/revisions"}],"wp:featuredmedia":[{"embeddable":true,"href":"https:\/\/formalprision.com\/index.php?rest_route=\/wp\/v2\/media\/23073"}],"wp:attachment":[{"href":"https:\/\/formalprision.com\/index.php?rest_route=%2Fwp%2Fv2%2Fmedia&parent=6485"}],"wp:term":[{"taxonomy":"category","embeddable":true,"href":"https:\/\/formalprision.com\/index.php?rest_route=%2Fwp%2Fv2%2Fcategories&post=6485"},{"taxonomy":"post_tag","embeddable":true,"href":"https:\/\/formalprision.com\/index.php?rest_route=%2Fwp%2Fv2%2Ftags&post=6485"}],"curies":[{"name":"wp","href":"https:\/\/api.w.org\/{rel}","templated":true}]}}