{"id":6486,"date":"2012-09-18T21:20:00","date_gmt":"2012-09-18T21:20:00","guid":{"rendered":"http:\/\/formalprision.info\/2012\/09\/18\/un-ex-reportero-es-el-nuevo-jefe-de-la\/"},"modified":"2015-06-03T08:50:15","modified_gmt":"2015-06-03T08:50:15","slug":"un-ex-reportero-es-el-nuevo-jefe-de-la","status":"publish","type":"post","link":"https:\/\/formalprision.com\/?p=6486","title":{"rendered":"Un ex reportero es el nuevo jefe de la Polic\u00eda Municipal de Hunucm\u00e1"},"content":{"rendered":"<p><\/p>\n<div class=\"separator\" style=\"clear: both; text-align: center;\">\n<a href=\"http:\/\/formalprision.com\/wp-content\/uploads\/2012\/09\/aaamelitar.jpg\" imageanchor=\"1\" style=\"margin-left: 1em; margin-right: 1em;\"><img decoding=\"async\" border=\"0\" src=\"http:\/\/formalprision.com\/wp-content\/uploads\/2012\/09\/aaamelitar.jpg\" \/><\/a><\/div>\n<div class=\"ecxmsoplaintext\" style=\"background: white; text-align: justify;\">\nEl ex<br \/>\nreportero tabasque\u00f1o H\u00e9ctor Guy Freyre N\u00fa\u00f1ez fue nombrado nuevo director de la<br \/>\nPolic\u00eda Municipal de Hunucm\u00e1.<\/div>\n<div class=\"ecxmsoplaintext\" style=\"background: white; text-align: justify;\">\nSustituye<br \/>\nen el cargo al militar en retiro Marco Antonio Ucab Mex, quien pr\u00e1cticamente<br \/>\nfue despedido por los propios polic\u00edas por intentar establecer una disciplina<br \/>\nmilitar, llamarlos gordos y criticar la faltad e ortograf\u00eda de algunos<br \/>\nuniformados.<\/div>\n<div class=\"ecxmsoplaintext\" style=\"background: white; text-align: justify;\">\nEl ex<br \/>\nreportero Freyre N\u00fa\u00f1ez llega procedente de la SSP, donde ha laborado los \u00faltimos<br \/>\n14 a\u00f1os, cuando diversos cargos, como la jefatura del grupo Lobos, la<br \/>\ncomandancia de Cuartel, la titularidad de las delegaciones Norte y Sur de esa<br \/>\ncorporaci\u00f3n.<\/div>\n<div class=\"ecxmsoplaintext\" style=\"background: white; text-align: justify;\">\nFue<br \/>\nreportero en Canc\u00fan, Quintana Roo hace varios a\u00f1os, de donde parti\u00f3 para unirse<br \/>\na la polic\u00eda estatal.<\/div>\n<div class=\"ecxmsoplaintext\" style=\"background: white; text-align: justify;\">\nCuando<br \/>\ndirigi\u00f3 la delegaci\u00f3n sur de la polic\u00eda disminuy\u00f3 el problema del pandillerismo<br \/>\norganizando encuentros deportivos entre polic\u00edas y pandilleros y fue tal su<br \/>\n\u00e9xito que varios de \u00e9stos \u00faltimos se sumaron a la corporaci\u00f3n como agentes, dejando<br \/>\natr\u00e1s la vagancia y malvivencia.<\/div>\n<div class=\"ecxmsoplaintext\" style=\"background: white; text-align: justify;\">\nAnoche<br \/>\nmismo tom\u00f3 posesi\u00f3n en Hunucm\u00e1, luego e que el alcalde Del\u00eeo P\u00e9rez Tzab ces\u00f3 al<br \/>\nmilitar Uicab Mex, quien al parecer es pariente del presidente municipal.<\/div>\n<div class=\"ecxmsoplaintext\" style=\"background: white; text-align: justify;\">\nUicab<br \/>\nMex solo estuvo dos semanas en el cargo.<\/div>\n<div class=\"ecxmsoplaintext\" style=\"background: white; text-align: justify;\">\nTambi\u00e9n<br \/>\nse dio de baja a los comandantes Artemio Chuc Keb y Jorge Chan Chabl\u00e9.<\/div>\n<div class=\"ecxmsoplaintext\" style=\"background: white; text-align: justify;\">\nEl que aparece en la fotograf\u00eda es el director saliente<\/div>\n","protected":false},"excerpt":{"rendered":"<p>El ex reportero tabasque\u00f1o H\u00e9ctor Guy Freyre N\u00fa\u00f1ez fue nombrado nuevo director de la Polic\u00eda Municipal de Hunucm\u00e1. Sustituye en el cargo al militar en retiro Marco Antonio Ucab Mex,<\/p>\n","protected":false},"author":1,"featured_media":23075,"comment_status":"open","ping_status":"open","sticky":false,"template":"","format":"standard","meta":{"jetpack_post_was_ever_published":false,"_jetpack_newsletter_access":"","_jetpack_dont_email_post_to_subs":false,"_jetpack_newsletter_tier_id":0,"_jetpack_memberships_contains_paywalled_content":false,"_jetpack_memberships_contains_paid_content":false,"footnotes":"","jetpack_publicize_message":"","jetpack_publicize_feature_enabled":true,"jetpack_social_post_already_shared":false,"jetpack_social_options":{"image_generator_settings":{"template":"highway","default_image_id":0,"font":"","enabled":false},"version":2}},"categories":[26,1],"tags":[],"class_list":["post-6486","post","type-post","status-publish","format-standard","has-post-thumbnail","hentry","category-noti-pueblitos","category-sin-categoria"],"jetpack_publicize_connections":[],"jetpack_featured_media_url":"https:\/\/formalprision.com\/wp-content\/uploads\/2012\/09\/aaamelitar.jpg","jetpack_sharing_enabled":true,"jetpack_shortlink":"https:\/\/wp.me\/p6id8p-1GC","_links":{"self":[{"href":"https:\/\/formalprision.com\/index.php?rest_route=\/wp\/v2\/posts\/6486","targetHints":{"allow":["GET"]}}],"collection":[{"href":"https:\/\/formalprision.com\/index.php?rest_route=\/wp\/v2\/posts"}],"about":[{"href":"https:\/\/formalprision.com\/index.php?rest_route=\/wp\/v2\/types\/post"}],"author":[{"embeddable":true,"href":"https:\/\/formalprision.com\/index.php?rest_route=\/wp\/v2\/users\/1"}],"replies":[{"embeddable":true,"href":"https:\/\/formalprision.com\/index.php?rest_route=%2Fwp%2Fv2%2Fcomments&post=6486"}],"version-history":[{"count":0,"href":"https:\/\/formalprision.com\/index.php?rest_route=\/wp\/v2\/posts\/6486\/revisions"}],"wp:featuredmedia":[{"embeddable":true,"href":"https:\/\/formalprision.com\/index.php?rest_route=\/wp\/v2\/media\/23075"}],"wp:attachment":[{"href":"https:\/\/formalprision.com\/index.php?rest_route=%2Fwp%2Fv2%2Fmedia&parent=6486"}],"wp:term":[{"taxonomy":"category","embeddable":true,"href":"https:\/\/formalprision.com\/index.php?rest_route=%2Fwp%2Fv2%2Fcategories&post=6486"},{"taxonomy":"post_tag","embeddable":true,"href":"https:\/\/formalprision.com\/index.php?rest_route=%2Fwp%2Fv2%2Ftags&post=6486"}],"curies":[{"name":"wp","href":"https:\/\/api.w.org\/{rel}","templated":true}]}}