{"id":6507,"date":"2012-09-14T02:09:00","date_gmt":"2012-09-14T02:09:00","guid":{"rendered":"http:\/\/formalprision.info\/2012\/09\/14\/joven-meridano-se-suicida-porque-lo\/"},"modified":"2015-06-03T08:50:21","modified_gmt":"2015-06-03T08:50:21","slug":"joven-meridano-se-suicida-porque-lo","status":"publish","type":"post","link":"https:\/\/formalprision.com\/?p=6507","title":{"rendered":"Joven meridano se suicida porque lo corrieron del trabajo"},"content":{"rendered":"<p><\/p>\n<div class=\"separator\" style=\"clear: both; text-align: center;\">\n<a href=\"http:\/\/1.bp.blogspot.com\/-FUWkiqb-5Mk\/UFKRpntyOdI\/AAAAAAAAK4Q\/pSPDGpxoub0\/s1600\/aaaaescudo+de+la+fiscalia.jpg\" imageanchor=\"1\" style=\"margin-left: 1em; margin-right: 1em;\"><img loading=\"lazy\" decoding=\"async\" border=\"0\" height=\"318\" src=\"http:\/\/formalprision.com\/wp-content\/uploads\/2012\/09\/aaaaescudo-de-la-fiscalia2.jpg\" width=\"320\" \/><\/a><\/div>\n<div class=\"MsoNormal\" style=\"background: white; line-height: 19.2pt; margin-bottom: .0001pt; margin-bottom: 0cm; text-align: justify;\">\nDeprimido porque fue despedido de su centro laboral,<br \/>\nun joven del sur meridano se suicid\u00f3 este d\u00eda.<\/div>\n<div class=\"MsoNormal\" style=\"background: white; line-height: 19.2pt; margin-bottom: .0001pt; margin-bottom: 0cm; text-align: justify;\">\nJuli\u00e1n Benito Sol\u00eds Chi, de 27 a\u00f1os de edad, fue<br \/>\nhallado colgado de una soga en un cuarto de su casa, en la calle 139 entre 70 y<br \/>\n72 de San Antonio Xluch.<\/div>\n<div class=\"MsoNormal\" style=\"background: white; line-height: 19.2pt; margin-bottom: .0001pt; margin-bottom: 0cm; text-align: justify;\">\nEl era de oficio soldador y viv\u00eda con una joven.<\/div>\n<div class=\"MsoNormal\" style=\"background: white; line-height: 19.2pt; margin-bottom: .0001pt; margin-bottom: 0cm; text-align: justify;\">\nBenito Sol\u00eds, padre del muchacho, dijo que hace unas<br \/>\nsemanas su hijo fue despedido del taller donde trabajaba y desde entonces cay\u00f3<br \/>\nen depresi\u00f3n.<\/div>\n<div class=\"MsoNormal\" style=\"background: white; line-height: 19.2pt; margin-bottom: .0001pt; margin-bottom: 0cm; text-align: justify;\">\nLa Fiscal\u00eda General levant\u00f3 el cuerpo y realiza la<br \/>\ninvestigaci\u00f3n para descartar cualquier otra causa distinta al suicidio.<\/div>\n<div class=\"MsoNormal\" style=\"background: white; line-height: 19.2pt; margin-bottom: .0001pt; margin-bottom: 0cm; text-align: justify;\">\n<\/div>\n","protected":false},"excerpt":{"rendered":"<p>Deprimido porque fue despedido de su centro laboral, un joven del sur meridano se suicid\u00f3 este d\u00eda. Juli\u00e1n Benito Sol\u00eds Chi, de 27 a\u00f1os de edad, fue hallado colgado de<\/p>\n","protected":false},"author":1,"featured_media":23118,"comment_status":"open","ping_status":"open","sticky":false,"template":"","format":"standard","meta":{"jetpack_post_was_ever_published":false,"_jetpack_newsletter_access":"","_jetpack_dont_email_post_to_subs":false,"_jetpack_newsletter_tier_id":0,"_jetpack_memberships_contains_paywalled_content":false,"_jetpack_memberships_contains_paid_content":false,"footnotes":"","jetpack_publicize_message":"","jetpack_publicize_feature_enabled":true,"jetpack_social_post_already_shared":false,"jetpack_social_options":{"image_generator_settings":{"template":"highway","default_image_id":0,"font":"","enabled":false},"version":2}},"categories":[44,3,1],"tags":[],"class_list":["post-6507","post","type-post","status-publish","format-standard","has-post-thumbnail","hentry","category-morgue","category-portada","category-sin-categoria"],"jetpack_publicize_connections":[],"jetpack_featured_media_url":"https:\/\/formalprision.com\/wp-content\/uploads\/2012\/09\/aaaaescudo-de-la-fiscalia2.jpg","jetpack_sharing_enabled":true,"jetpack_shortlink":"https:\/\/wp.me\/p6id8p-1GX","_links":{"self":[{"href":"https:\/\/formalprision.com\/index.php?rest_route=\/wp\/v2\/posts\/6507","targetHints":{"allow":["GET"]}}],"collection":[{"href":"https:\/\/formalprision.com\/index.php?rest_route=\/wp\/v2\/posts"}],"about":[{"href":"https:\/\/formalprision.com\/index.php?rest_route=\/wp\/v2\/types\/post"}],"author":[{"embeddable":true,"href":"https:\/\/formalprision.com\/index.php?rest_route=\/wp\/v2\/users\/1"}],"replies":[{"embeddable":true,"href":"https:\/\/formalprision.com\/index.php?rest_route=%2Fwp%2Fv2%2Fcomments&post=6507"}],"version-history":[{"count":0,"href":"https:\/\/formalprision.com\/index.php?rest_route=\/wp\/v2\/posts\/6507\/revisions"}],"wp:featuredmedia":[{"embeddable":true,"href":"https:\/\/formalprision.com\/index.php?rest_route=\/wp\/v2\/media\/23118"}],"wp:attachment":[{"href":"https:\/\/formalprision.com\/index.php?rest_route=%2Fwp%2Fv2%2Fmedia&parent=6507"}],"wp:term":[{"taxonomy":"category","embeddable":true,"href":"https:\/\/formalprision.com\/index.php?rest_route=%2Fwp%2Fv2%2Fcategories&post=6507"},{"taxonomy":"post_tag","embeddable":true,"href":"https:\/\/formalprision.com\/index.php?rest_route=%2Fwp%2Fv2%2Ftags&post=6507"}],"curies":[{"name":"wp","href":"https:\/\/api.w.org\/{rel}","templated":true}]}}