{"id":6508,"date":"2012-09-14T01:46:00","date_gmt":"2012-09-14T01:46:00","guid":{"rendered":"http:\/\/formalprision.info\/2012\/09\/14\/reprograma-la-gobernadora-su-tuitca\/"},"modified":"2015-06-03T08:50:21","modified_gmt":"2015-06-03T08:50:21","slug":"reprograma-la-gobernadora-su-tuitca","status":"publish","type":"post","link":"https:\/\/formalprision.com\/?p=6508","title":{"rendered":"Reprograma la gobernadora su #tuitcam por fallas t\u00e9cnicas"},"content":{"rendered":"<p><\/p>\n<div class=\"separator\" style=\"clear: both; text-align: center;\">\n<a href=\"http:\/\/3.bp.blogspot.com\/-8I0wL6CLeQI\/UFKL6vDsFAI\/AAAAAAAAK38\/AXOgTBY9G8k\/s1600\/aaalagober\" imageanchor=\"1\" style=\"margin-left: 1em; margin-right: 1em;\"><img loading=\"lazy\" decoding=\"async\" border=\"0\" height=\"240\" src=\"http:\/\/3.bp.blogspot.com\/-8I0wL6CLeQI\/UFKL6vDsFAI\/AAAAAAAAK38\/AXOgTBY9G8k\/s320\/aaalagober\" width=\"320\" \/><\/a><\/div>\n<div class=\"MsoNormal\" style=\"background-color: white; background-position: initial initial; background-repeat: initial initial; margin-bottom: 7.5pt;\">\nPor fallas t\u00e9cnicas,<br \/>\nla gobernadora Ivonne Ortega Pacheco reprogram\u00f3 la tuitcam&nbsp; que intent\u00f3<br \/>\nrealizar en la noche.<\/div>\n<div class=\"MsoNormal\" style=\"background-color: white; background-position: initial initial; background-repeat: initial initial; margin-bottom: 7.5pt;\">\nEl videochat<br \/>\n&nbsp;no funcion\u00f3 porque fall\u00f3 el audio, por<br \/>\nlo que debi\u00f3 suspenderlo despu\u00e9s de varios intentos.<\/div>\n<div class=\"MsoNormal\" style=\"background-color: white; background-position: initial initial; background-repeat: initial initial; margin-bottom: 7.5pt;\">\nA las 7 de<br \/>\nla noche comenzaba &nbsp;el evento online,<br \/>\npero tras comenzar a relatar sus experiencias de los cinco a\u00f1os de gobierno, tuvo<br \/>\nque suspenderlo.<\/div>\n<div class=\"MsoNormal\" style=\"background-color: white; background-position: initial initial; background-repeat: initial initial; margin-bottom: 7.5pt;\">\nLa gobernadora<br \/>\ninform\u00f3 a trav\u00e9s de su cuenta de Twitter que se reprogramar\u00e1 para nueva fecha.<\/div>\n<div class=\"MsoNormal\" style=\"background-color: white; background-position: initial initial; background-repeat: initial initial; margin-bottom: 7.5pt;\">\nLa<br \/>\nfuncionaria subi\u00f3 a la red una fotograf\u00eda en el que exhibe al presunto responsable<br \/>\nde que el ejercicio online no se haya concretado.<\/div>\n<div class=\"MsoNormal\" style=\"background-color: white; background-position: initial initial; background-repeat: initial initial; margin-bottom: 7.5pt;\">\n<\/div>\n","protected":false},"excerpt":{"rendered":"<p>Por fallas t\u00e9cnicas, la gobernadora Ivonne Ortega Pacheco reprogram\u00f3 la tuitcam&nbsp; que intent\u00f3 realizar en la noche. El videochat &nbsp;no funcion\u00f3 porque fall\u00f3 el audio, por lo que debi\u00f3 suspenderlo<\/p>\n","protected":false},"author":1,"featured_media":0,"comment_status":"open","ping_status":"open","sticky":false,"template":"","format":"standard","meta":{"jetpack_post_was_ever_published":false,"_jetpack_newsletter_access":"","_jetpack_dont_email_post_to_subs":false,"_jetpack_newsletter_tier_id":0,"_jetpack_memberships_contains_paywalled_content":false,"_jetpack_memberships_contains_paid_content":false,"footnotes":"","jetpack_publicize_message":"","jetpack_publicize_feature_enabled":true,"jetpack_social_post_already_shared":false,"jetpack_social_options":{"image_generator_settings":{"template":"highway","default_image_id":0,"font":"","enabled":false},"version":2}},"categories":[19,1],"tags":[],"class_list":["post-6508","post","type-post","status-publish","format-standard","hentry","category-de-la-grilla","category-sin-categoria"],"jetpack_publicize_connections":[],"jetpack_featured_media_url":"","jetpack_sharing_enabled":true,"jetpack_shortlink":"https:\/\/wp.me\/p6id8p-1GY","_links":{"self":[{"href":"https:\/\/formalprision.com\/index.php?rest_route=\/wp\/v2\/posts\/6508","targetHints":{"allow":["GET"]}}],"collection":[{"href":"https:\/\/formalprision.com\/index.php?rest_route=\/wp\/v2\/posts"}],"about":[{"href":"https:\/\/formalprision.com\/index.php?rest_route=\/wp\/v2\/types\/post"}],"author":[{"embeddable":true,"href":"https:\/\/formalprision.com\/index.php?rest_route=\/wp\/v2\/users\/1"}],"replies":[{"embeddable":true,"href":"https:\/\/formalprision.com\/index.php?rest_route=%2Fwp%2Fv2%2Fcomments&post=6508"}],"version-history":[{"count":0,"href":"https:\/\/formalprision.com\/index.php?rest_route=\/wp\/v2\/posts\/6508\/revisions"}],"wp:attachment":[{"href":"https:\/\/formalprision.com\/index.php?rest_route=%2Fwp%2Fv2%2Fmedia&parent=6508"}],"wp:term":[{"taxonomy":"category","embeddable":true,"href":"https:\/\/formalprision.com\/index.php?rest_route=%2Fwp%2Fv2%2Fcategories&post=6508"},{"taxonomy":"post_tag","embeddable":true,"href":"https:\/\/formalprision.com\/index.php?rest_route=%2Fwp%2Fv2%2Ftags&post=6508"}],"curies":[{"name":"wp","href":"https:\/\/api.w.org\/{rel}","templated":true}]}}