{"id":6547,"date":"2012-09-05T16:30:00","date_gmt":"2012-09-05T16:30:00","guid":{"rendered":"http:\/\/formalprision.info\/2012\/09\/05\/amenaza-su-madre-con-un-cuchillo-porque\/"},"modified":"2015-06-03T08:50:27","modified_gmt":"2015-06-03T08:50:27","slug":"amenaza-su-madre-con-un-cuchillo-porque","status":"publish","type":"post","link":"https:\/\/formalprision.com\/?p=6547","title":{"rendered":"Amenaza a su madre con un cuchillo porque lo rega\u00f1\u00f3 por llegar ebrio"},"content":{"rendered":"<p><\/p>\n<div class=\"separator\" style=\"clear: both; text-align: center;\"><a href=\"http:\/\/3.bp.blogspot.com\/-K8EkuiM4g8U\/UEbwF4qdHeI\/AAAAAAAAKl8\/6m6YkmuAqC4\/s1600\/aaamamitas.jpg\" imageanchor=\"1\" style=\"margin-left: 1em; margin-right: 1em;\"><img loading=\"lazy\" decoding=\"async\" border=\"0\" height=\"320\" src=\"http:\/\/formalprision.com\/wp-content\/uploads\/2012\/09\/aaamamitas.jpg\" width=\"307\" \/><\/a><\/div>\n<div class=\"ecxmsonormal\" style=\"background: white;\">Gerardo Salgado Ram\u00edrez fue detenido en Progreso por amenazar a su madre con un cuchillo.<\/div>\n<div class=\"ecxmsonormal\" style=\"background: white;\">Fue detenido a las 21:54 horas en la calle 84 x 37 y 39&nbsp; del centro de Progreso.<\/div>\n<div class=\"ecxmsonormal\" style=\"background: white;\">Lleg\u00f3 ebrio y recibi\u00f3 rega\u00f1os de su madre, Genoveva Ram\u00edrez Lara, a quie3n el sujeto amenaz\u00f3 con un cuchillo.<\/div>\n<div class=\"ecxmsonormal\" style=\"background: white;\">Ante tal situaci\u00f3n, la mujer llam\u00f3 a la polic\u00eda y los agentes detuvieron al impertinente ebrio.<\/div>\n<div class=\"ecxmsonormal\" style=\"background: white;\">El detenido fue remitido&nbsp; a la c\u00e1rcel progrese\u00f1a para pasar la noche ah\u00ed. &nbsp;<\/div>\n<div class=\"ecxmsonormal\" style=\"background: white;\"><\/div>\n<div class=\"MsoNormal\"><\/div>\n","protected":false},"excerpt":{"rendered":"<p>Gerardo Salgado Ram\u00edrez fue detenido en Progreso por amenazar a su madre con un cuchillo. Fue detenido a las 21:54 horas en la calle 84 x 37 y 39&nbsp; del<\/p>\n","protected":false},"author":1,"featured_media":23196,"comment_status":"open","ping_status":"open","sticky":false,"template":"","format":"standard","meta":{"jetpack_post_was_ever_published":false,"_jetpack_newsletter_access":"","_jetpack_dont_email_post_to_subs":false,"_jetpack_newsletter_tier_id":0,"_jetpack_memberships_contains_paywalled_content":false,"_jetpack_memberships_contains_paid_content":false,"footnotes":"","jetpack_publicize_message":"","jetpack_publicize_feature_enabled":true,"jetpack_social_post_already_shared":false,"jetpack_social_options":{"image_generator_settings":{"template":"highway","default_image_id":0,"font":"","enabled":false},"version":2}},"categories":[3,1,53],"tags":[],"class_list":["post-6547","post","type-post","status-publish","format-standard","has-post-thumbnail","hentry","category-portada","category-sin-categoria","category-yo-no-fui"],"jetpack_publicize_connections":[],"jetpack_featured_media_url":"https:\/\/formalprision.com\/wp-content\/uploads\/2012\/09\/aaamamitas.jpg","jetpack_sharing_enabled":true,"jetpack_shortlink":"https:\/\/wp.me\/p6id8p-1HB","_links":{"self":[{"href":"https:\/\/formalprision.com\/index.php?rest_route=\/wp\/v2\/posts\/6547","targetHints":{"allow":["GET"]}}],"collection":[{"href":"https:\/\/formalprision.com\/index.php?rest_route=\/wp\/v2\/posts"}],"about":[{"href":"https:\/\/formalprision.com\/index.php?rest_route=\/wp\/v2\/types\/post"}],"author":[{"embeddable":true,"href":"https:\/\/formalprision.com\/index.php?rest_route=\/wp\/v2\/users\/1"}],"replies":[{"embeddable":true,"href":"https:\/\/formalprision.com\/index.php?rest_route=%2Fwp%2Fv2%2Fcomments&post=6547"}],"version-history":[{"count":0,"href":"https:\/\/formalprision.com\/index.php?rest_route=\/wp\/v2\/posts\/6547\/revisions"}],"wp:featuredmedia":[{"embeddable":true,"href":"https:\/\/formalprision.com\/index.php?rest_route=\/wp\/v2\/media\/23196"}],"wp:attachment":[{"href":"https:\/\/formalprision.com\/index.php?rest_route=%2Fwp%2Fv2%2Fmedia&parent=6547"}],"wp:term":[{"taxonomy":"category","embeddable":true,"href":"https:\/\/formalprision.com\/index.php?rest_route=%2Fwp%2Fv2%2Fcategories&post=6547"},{"taxonomy":"post_tag","embeddable":true,"href":"https:\/\/formalprision.com\/index.php?rest_route=%2Fwp%2Fv2%2Ftags&post=6547"}],"curies":[{"name":"wp","href":"https:\/\/api.w.org\/{rel}","templated":true}]}}