{"id":6552,"date":"2012-09-04T16:30:00","date_gmt":"2012-09-04T16:30:00","guid":{"rendered":"http:\/\/formalprision.info\/2012\/09\/04\/sorprendido-fumando-la-hierba-maldita\/"},"modified":"2015-06-03T08:50:28","modified_gmt":"2015-06-03T08:50:28","slug":"sorprendido-fumando-la-hierba-maldita","status":"publish","type":"post","link":"https:\/\/formalprision.com\/?p=6552","title":{"rendered":"Sorprendido fumando la hierba maldita en la v\u00eda p\u00fablica"},"content":{"rendered":"<p><\/p>\n<div class=\"separator\" style=\"clear: both; text-align: center;\"><a href=\"http:\/\/3.bp.blogspot.com\/-16gKNgoo9xE\/UEWY03FXw4I\/AAAAAAAAKds\/RhbCoeUC4c4\/s1600\/aaadrogados.JPG\" imageanchor=\"1\" style=\"margin-left: 1em; margin-right: 1em;\"><img loading=\"lazy\" decoding=\"async\" border=\"0\" height=\"240\" src=\"http:\/\/formalprision.com\/wp-content\/uploads\/2012\/09\/aaadrogados.jpg\" width=\"320\" \/><\/a><\/div>\n<div class=\"ecxmsonormal\" style=\"background: white;\">Agentes municipales de Progreso detuvieron a Carlos Garc\u00eda Bautista, quien fue sorprendido fumando hierba en la v\u00eda p\u00fablica.<\/div>\n<div class=\"ecxmsonormal\" style=\"background: white;\">Fue detenido a las 18:30 horas en la calle 23 x 78 y 80&nbsp; del centro de Progreso.<\/div>\n<div class=\"ecxmsonormal\" style=\"background: white;\">Estaba ebrio y adem\u00e1s se sent\u00f3 en una banqueta a fumar mariguana, por lo que los vecinos llamaron a la polic\u00eda y los agentes lo detuvieron.<\/div>\n<div class=\"ecxmsonormal\" style=\"background: white;\">Los agentes le preguntaron d\u00f3nde consigui\u00f3 la droga, pero estaba tan drogado que no pudo dar detalles.<\/div>\n<div class=\"ecxmsonormal\" style=\"background: white;\">Fue trasladado a los separos de la polic\u00eda del puerto.<\/div>\n<div class=\"ecxmsonormal\" style=\"background: white;\"><\/div>\n","protected":false},"excerpt":{"rendered":"<p>Agentes municipales de Progreso detuvieron a Carlos Garc\u00eda Bautista, quien fue sorprendido fumando hierba en la v\u00eda p\u00fablica. Fue detenido a las 18:30 horas en la calle 23 x 78<\/p>\n","protected":false},"author":1,"featured_media":23206,"comment_status":"open","ping_status":"open","sticky":false,"template":"","format":"standard","meta":{"jetpack_post_was_ever_published":false,"_jetpack_newsletter_access":"","_jetpack_dont_email_post_to_subs":false,"_jetpack_newsletter_tier_id":0,"_jetpack_memberships_contains_paywalled_content":false,"_jetpack_memberships_contains_paid_content":false,"footnotes":"","jetpack_publicize_message":"","jetpack_publicize_feature_enabled":true,"jetpack_social_post_already_shared":false,"jetpack_social_options":{"image_generator_settings":{"template":"highway","default_image_id":0,"font":"","enabled":false},"version":2}},"categories":[47,3,1],"tags":[],"class_list":["post-6552","post","type-post","status-publish","format-standard","has-post-thumbnail","hentry","category-narcos","category-portada","category-sin-categoria"],"jetpack_publicize_connections":[],"jetpack_featured_media_url":"https:\/\/formalprision.com\/wp-content\/uploads\/2012\/09\/aaadrogados.jpg","jetpack_sharing_enabled":true,"jetpack_shortlink":"https:\/\/wp.me\/p6id8p-1HG","_links":{"self":[{"href":"https:\/\/formalprision.com\/index.php?rest_route=\/wp\/v2\/posts\/6552","targetHints":{"allow":["GET"]}}],"collection":[{"href":"https:\/\/formalprision.com\/index.php?rest_route=\/wp\/v2\/posts"}],"about":[{"href":"https:\/\/formalprision.com\/index.php?rest_route=\/wp\/v2\/types\/post"}],"author":[{"embeddable":true,"href":"https:\/\/formalprision.com\/index.php?rest_route=\/wp\/v2\/users\/1"}],"replies":[{"embeddable":true,"href":"https:\/\/formalprision.com\/index.php?rest_route=%2Fwp%2Fv2%2Fcomments&post=6552"}],"version-history":[{"count":0,"href":"https:\/\/formalprision.com\/index.php?rest_route=\/wp\/v2\/posts\/6552\/revisions"}],"wp:featuredmedia":[{"embeddable":true,"href":"https:\/\/formalprision.com\/index.php?rest_route=\/wp\/v2\/media\/23206"}],"wp:attachment":[{"href":"https:\/\/formalprision.com\/index.php?rest_route=%2Fwp%2Fv2%2Fmedia&parent=6552"}],"wp:term":[{"taxonomy":"category","embeddable":true,"href":"https:\/\/formalprision.com\/index.php?rest_route=%2Fwp%2Fv2%2Fcategories&post=6552"},{"taxonomy":"post_tag","embeddable":true,"href":"https:\/\/formalprision.com\/index.php?rest_route=%2Fwp%2Fv2%2Ftags&post=6552"}],"curies":[{"name":"wp","href":"https:\/\/api.w.org\/{rel}","templated":true}]}}