{"id":6606,"date":"2012-08-16T18:30:00","date_gmt":"2012-08-16T18:30:00","guid":{"rendered":"http:\/\/formalprision.info\/2012\/08\/16\/detienen-y-arraigan-electricista\/"},"modified":"2015-06-03T08:50:42","modified_gmt":"2015-06-03T08:50:42","slug":"detienen-y-arraigan-electricista","status":"publish","type":"post","link":"https:\/\/formalprision.com\/?p=6606","title":{"rendered":"Detienen y arraigan a electricista asesino de un maestro del Conalep"},"content":{"rendered":"<p><\/p>\n<div class=\"separator\" style=\"clear: both; text-align: center;\"><a href=\"http:\/\/3.bp.blogspot.com\/-9dcLNl-HcVE\/UC07uojxo8I\/AAAAAAAAJOk\/-jeYw9qPqaI\/s1600\/aaamestro+maestro.jpg\" imageanchor=\"1\" style=\"margin-left: 1em; margin-right: 1em;\"><img loading=\"lazy\" decoding=\"async\" border=\"0\" height=\"239\" src=\"http:\/\/formalprision.com\/wp-content\/uploads\/2012\/08\/aaamestro-maestro.jpg\" width=\"320\" \/><\/a><\/div>\n<p>La Fiscal\u00eda estatal detuvo al electricista Mois\u00e9s Alejandro Guillermo Mart\u00ednez, como presunto responsable de la muerte del profesor Jos\u00e9 Avelino Mena Moguel, quien fue hallado muerto en su domicilio de la colonia Alem\u00e1n.<br \/>  El presunto homicida fue arraigado este d\u00eda por el Juzgado Tercero Penal, a petici\u00f3n de la Fiscal\u00eda.<br \/>  Se inform\u00f3 que el m\u00f3vil del crimen es pasional, pues el maestro era de tendencias homosexuales.<br \/>  El presunto asesino se llev\u00f3 objetos de valor de la casa y el veh\u00edculo del profesor, aunque lo abandon\u00f3 cuadras adelante.<br \/>  Se investiga si hay m\u00e1s involucrados en el crimen.<br \/>  Despu\u00e9s de dar muerte al maestro con un cuchillo, el homicida se llev\u00f3 el Chevy placas YZY-8220, que fue hallado despu\u00e9s en la calle 8 por 39-C de la colonia Mayap\u00e1n. (Acom)<\/p>\n","protected":false},"excerpt":{"rendered":"<p>La Fiscal\u00eda estatal detuvo al electricista Mois\u00e9s Alejandro Guillermo Mart\u00ednez, como presunto responsable de la muerte del profesor Jos\u00e9 Avelino Mena Moguel, quien fue hallado muerto en su domicilio de<\/p>\n","protected":false},"author":1,"featured_media":23318,"comment_status":"open","ping_status":"open","sticky":false,"template":"","format":"standard","meta":{"jetpack_post_was_ever_published":false,"_jetpack_newsletter_access":"","_jetpack_dont_email_post_to_subs":false,"_jetpack_newsletter_tier_id":0,"_jetpack_memberships_contains_paywalled_content":false,"_jetpack_memberships_contains_paid_content":false,"footnotes":"","jetpack_publicize_message":"","jetpack_publicize_feature_enabled":true,"jetpack_social_post_already_shared":false,"jetpack_social_options":{"image_generator_settings":{"template":"highway","default_image_id":0,"font":"","enabled":false},"version":2}},"categories":[59,3,1],"tags":[],"class_list":["post-6606","post","type-post","status-publish","format-standard","has-post-thumbnail","hentry","category-asesinos","category-portada","category-sin-categoria"],"jetpack_publicize_connections":[],"jetpack_featured_media_url":"https:\/\/formalprision.com\/wp-content\/uploads\/2012\/08\/aaamestro-maestro.jpg","jetpack_sharing_enabled":true,"jetpack_shortlink":"https:\/\/wp.me\/p6id8p-1Iy","_links":{"self":[{"href":"https:\/\/formalprision.com\/index.php?rest_route=\/wp\/v2\/posts\/6606","targetHints":{"allow":["GET"]}}],"collection":[{"href":"https:\/\/formalprision.com\/index.php?rest_route=\/wp\/v2\/posts"}],"about":[{"href":"https:\/\/formalprision.com\/index.php?rest_route=\/wp\/v2\/types\/post"}],"author":[{"embeddable":true,"href":"https:\/\/formalprision.com\/index.php?rest_route=\/wp\/v2\/users\/1"}],"replies":[{"embeddable":true,"href":"https:\/\/formalprision.com\/index.php?rest_route=%2Fwp%2Fv2%2Fcomments&post=6606"}],"version-history":[{"count":0,"href":"https:\/\/formalprision.com\/index.php?rest_route=\/wp\/v2\/posts\/6606\/revisions"}],"wp:featuredmedia":[{"embeddable":true,"href":"https:\/\/formalprision.com\/index.php?rest_route=\/wp\/v2\/media\/23318"}],"wp:attachment":[{"href":"https:\/\/formalprision.com\/index.php?rest_route=%2Fwp%2Fv2%2Fmedia&parent=6606"}],"wp:term":[{"taxonomy":"category","embeddable":true,"href":"https:\/\/formalprision.com\/index.php?rest_route=%2Fwp%2Fv2%2Fcategories&post=6606"},{"taxonomy":"post_tag","embeddable":true,"href":"https:\/\/formalprision.com\/index.php?rest_route=%2Fwp%2Fv2%2Ftags&post=6606"}],"curies":[{"name":"wp","href":"https:\/\/api.w.org\/{rel}","templated":true}]}}