{"id":6608,"date":"2012-08-14T19:30:00","date_gmt":"2012-08-14T19:30:00","guid":{"rendered":"http:\/\/formalprision.info\/2012\/08\/14\/menor-de-edad-choca-su-carrito-de-golf\/"},"modified":"2015-06-03T08:50:43","modified_gmt":"2015-06-03T08:50:43","slug":"menor-de-edad-choca-su-carrito-de-golf","status":"publish","type":"post","link":"https:\/\/formalprision.com\/?p=6608","title":{"rendered":"Menor de edad choca su carrito de Golf contra un auto estacionado"},"content":{"rendered":"<p><\/p>\n<div class=\"separator\" style=\"clear: both; text-align: center;\"><a href=\"http:\/\/3.bp.blogspot.com\/-vNwCce--sJM\/UCqQxTfrsnI\/AAAAAAAAJHA\/Qk_iST8lVtY\/s1600\/aaacarrito.JPG\" imageanchor=\"1\" style=\"margin-left: 1em; margin-right: 1em;\"><img loading=\"lazy\" decoding=\"async\" border=\"0\" height=\"320\" src=\"http:\/\/formalprision.com\/wp-content\/uploads\/2012\/08\/aaacarrito.jpg\" width=\"240\" \/><\/a><\/div>\n<div class=\"MsoNormal\" style=\"background: white; margin-bottom: .0001pt; margin-bottom: 0cm; mso-line-height-alt: 13.5pt;\"><b>Un menor de edad que conduc\u00eda un carrito de golf ocasion\u00f3 ayer un accidente de tr\u00e1nsito en Progreso.<\/b><\/div>\n<div class=\"MsoNormal\" style=\"background: white; margin-bottom: .0001pt; margin-bottom: 0cm; mso-line-height-alt: 13.5pt;\"><b>Eduardo Cervantes Lira, de 16 a\u00f1os, choc\u00f3 el carrito de Golf contra un Sentra estacionado y el menor tuvo que ser hospitalizado, pues result\u00f3 leisonado.<\/b><\/div>\n<div class=\"MsoNormal\" style=\"background: white; margin-bottom: .0001pt; margin-bottom: 0cm; mso-line-height-alt: 13.5pt;\"><b>El percance ocurri\u00f3 a las 6_15 de la tarde de ayer en la calle 25 por 86 y 88 de ese puerto.<\/b><\/div>\n<div class=\"MsoNormal\" style=\"background: white; margin-bottom: .0001pt; margin-bottom: 0cm; mso-line-height-alt: 13.5pt;\"><b>Este &nbsp;adolescente manejaba un carito marca Ezgo sobre la calle 25 y al perder el control, choca con el Sentra placas ZAJ-3711, propiedad de Mariana Ch\u00e1vez Lugo.<\/b><\/div>\n<div class=\"ecxmsonormal\" style=\"background: white; text-align: justify;\"><b>Se inform\u00f3 que el conductor del carrito result\u00f3 lesionado y fue llevado al Hospital del ISSTE&nbsp; en Progreso a bordo de la unidad Y-10 de la SSP.<\/b><\/div>\n<div class=\"ecxmsonormal\" style=\"background: white; text-align: justify;\"><b>El carrito fue trasladado al corral\u00f3n municipal.<\/b><\/div>\n<div class=\"ecxmsonormal\" style=\"background: white; text-align: justify;\"><\/div>\n<div class=\"ecxmsonormal\" style=\"background: white; text-align: justify;\"><\/div>\n","protected":false},"excerpt":{"rendered":"<p>Un menor de edad que conduc\u00eda un carrito de golf ocasion\u00f3 ayer un accidente de tr\u00e1nsito en Progreso. Eduardo Cervantes Lira, de 16 a\u00f1os, choc\u00f3 el carrito de Golf contra<\/p>\n","protected":false},"author":1,"featured_media":23322,"comment_status":"open","ping_status":"open","sticky":false,"template":"","format":"standard","meta":{"jetpack_post_was_ever_published":false,"_jetpack_newsletter_access":"","_jetpack_dont_email_post_to_subs":false,"_jetpack_newsletter_tier_id":0,"_jetpack_memberships_contains_paywalled_content":false,"_jetpack_memberships_contains_paid_content":false,"footnotes":"","jetpack_publicize_message":"","jetpack_publicize_feature_enabled":true,"jetpack_social_post_already_shared":false,"jetpack_social_options":{"image_generator_settings":{"template":"highway","default_image_id":0,"font":"","enabled":false},"version":2}},"categories":[60,3,1],"tags":[],"class_list":["post-6608","post","type-post","status-publish","format-standard","has-post-thumbnail","hentry","category-cafres","category-portada","category-sin-categoria"],"jetpack_publicize_connections":[],"jetpack_featured_media_url":"https:\/\/formalprision.com\/wp-content\/uploads\/2012\/08\/aaacarrito.jpg","jetpack_sharing_enabled":true,"jetpack_shortlink":"https:\/\/wp.me\/p6id8p-1IA","_links":{"self":[{"href":"https:\/\/formalprision.com\/index.php?rest_route=\/wp\/v2\/posts\/6608","targetHints":{"allow":["GET"]}}],"collection":[{"href":"https:\/\/formalprision.com\/index.php?rest_route=\/wp\/v2\/posts"}],"about":[{"href":"https:\/\/formalprision.com\/index.php?rest_route=\/wp\/v2\/types\/post"}],"author":[{"embeddable":true,"href":"https:\/\/formalprision.com\/index.php?rest_route=\/wp\/v2\/users\/1"}],"replies":[{"embeddable":true,"href":"https:\/\/formalprision.com\/index.php?rest_route=%2Fwp%2Fv2%2Fcomments&post=6608"}],"version-history":[{"count":0,"href":"https:\/\/formalprision.com\/index.php?rest_route=\/wp\/v2\/posts\/6608\/revisions"}],"wp:featuredmedia":[{"embeddable":true,"href":"https:\/\/formalprision.com\/index.php?rest_route=\/wp\/v2\/media\/23322"}],"wp:attachment":[{"href":"https:\/\/formalprision.com\/index.php?rest_route=%2Fwp%2Fv2%2Fmedia&parent=6608"}],"wp:term":[{"taxonomy":"category","embeddable":true,"href":"https:\/\/formalprision.com\/index.php?rest_route=%2Fwp%2Fv2%2Fcategories&post=6608"},{"taxonomy":"post_tag","embeddable":true,"href":"https:\/\/formalprision.com\/index.php?rest_route=%2Fwp%2Fv2%2Ftags&post=6608"}],"curies":[{"name":"wp","href":"https:\/\/api.w.org\/{rel}","templated":true}]}}