{"id":6615,"date":"2012-08-12T17:38:00","date_gmt":"2012-08-12T17:38:00","guid":{"rendered":"http:\/\/formalprision.info\/2012\/08\/12\/participa-rolando-zapata-en-la-carrera\/"},"modified":"2015-06-03T08:50:44","modified_gmt":"2015-06-03T08:50:44","slug":"participa-rolando-zapata-en-la-carrera","status":"publish","type":"post","link":"https:\/\/formalprision.com\/?p=6615","title":{"rendered":"Participa Rolando Zapata en la carrera por el D\u00eda del Bombero"},"content":{"rendered":"<p><\/p>\n<div class=\"separator\" style=\"clear: both; text-align: center;\"><a href=\"http:\/\/1.bp.blogspot.com\/-qtQVqy43Ge8\/UCfpolEos9I\/AAAAAAAAI-U\/n31jBzjdFCg\/s1600\/aadiadelbombero.JPG\" imageanchor=\"1\" style=\"margin-left: 1em; margin-right: 1em;\"><img loading=\"lazy\" decoding=\"async\" border=\"0\" height=\"215\" src=\"http:\/\/formalprision.com\/wp-content\/uploads\/2012\/08\/aadiadelbombero.jpg\" width=\"320\" \/><\/a><\/div>\n<div class=\"ecxMsoNormal\" style=\"text-align: justify;\">M\u00e1s de 500 personas participaron este domingo en la XVII  edici\u00f3n de la \u201cCarrera Del D\u00eda Internacional del Bombero 2012\u201d.<\/div>\n<div class=\"ecxMsoNormal\" style=\"text-align: justify;\">Entre los participantes estuvo &nbsp;el gobernador electo Rolando Zapata Bello, qui\u00e9n como cada a\u00f1o se sum\u00f3 a &nbsp;la tradicional  justa deportiva.<\/div>\n<div class=\"ecxMsoNormal\" style=\"text-align: justify;\">Con el n\u00famero 67, el gobernador electo corri\u00f3 en la  categor\u00eda de los 10 kil\u00f3metros como un homenaje a los tragahumos yucatecos que  en buena cantidad participaron en la prueba y a quienes acompa\u00f1\u00f3 toda la ruta  por calles de M\u00e9rida hasta la l\u00ednea de llegada.<\/div>\n<div class=\"ecxMsoNormal\" style=\"text-align: justify;\">La meta se instal\u00f3 en la base de bomberos situada a la  salida de la carretera al puerto de &nbsp;Progreso. Asimismo, hubo una  caminata de cinco kil\u00f3metros donde decenas de personas con sus familias  convivieron en un ambiente festivo por el \u201cD\u00eda del Bombero\u201d, que se conmemora el  pr\u00f3ximo d\u00eda 22.<\/div>\n","protected":false},"excerpt":{"rendered":"<p>M\u00e1s de 500 personas participaron este domingo en la XVII edici\u00f3n de la \u201cCarrera Del D\u00eda Internacional del Bombero 2012\u201d. Entre los participantes estuvo &nbsp;el gobernador electo Rolando Zapata Bello,<\/p>\n","protected":false},"author":1,"featured_media":23334,"comment_status":"open","ping_status":"open","sticky":false,"template":"","format":"standard","meta":{"jetpack_post_was_ever_published":false,"_jetpack_newsletter_access":"","_jetpack_dont_email_post_to_subs":false,"_jetpack_newsletter_tier_id":0,"_jetpack_memberships_contains_paywalled_content":false,"_jetpack_memberships_contains_paid_content":false,"footnotes":"","jetpack_publicize_message":"","jetpack_publicize_feature_enabled":true,"jetpack_social_post_already_shared":false,"jetpack_social_options":{"image_generator_settings":{"template":"highway","default_image_id":0,"font":"","enabled":false},"version":2}},"categories":[19,3,1,49],"tags":[],"class_list":["post-6615","post","type-post","status-publish","format-standard","has-post-thumbnail","hentry","category-de-la-grilla","category-portada","category-sin-categoria","category-tocho-morocho"],"jetpack_publicize_connections":[],"jetpack_featured_media_url":"https:\/\/formalprision.com\/wp-content\/uploads\/2012\/08\/aadiadelbombero.jpg","jetpack_sharing_enabled":true,"jetpack_shortlink":"https:\/\/wp.me\/p6id8p-1IH","_links":{"self":[{"href":"https:\/\/formalprision.com\/index.php?rest_route=\/wp\/v2\/posts\/6615","targetHints":{"allow":["GET"]}}],"collection":[{"href":"https:\/\/formalprision.com\/index.php?rest_route=\/wp\/v2\/posts"}],"about":[{"href":"https:\/\/formalprision.com\/index.php?rest_route=\/wp\/v2\/types\/post"}],"author":[{"embeddable":true,"href":"https:\/\/formalprision.com\/index.php?rest_route=\/wp\/v2\/users\/1"}],"replies":[{"embeddable":true,"href":"https:\/\/formalprision.com\/index.php?rest_route=%2Fwp%2Fv2%2Fcomments&post=6615"}],"version-history":[{"count":0,"href":"https:\/\/formalprision.com\/index.php?rest_route=\/wp\/v2\/posts\/6615\/revisions"}],"wp:featuredmedia":[{"embeddable":true,"href":"https:\/\/formalprision.com\/index.php?rest_route=\/wp\/v2\/media\/23334"}],"wp:attachment":[{"href":"https:\/\/formalprision.com\/index.php?rest_route=%2Fwp%2Fv2%2Fmedia&parent=6615"}],"wp:term":[{"taxonomy":"category","embeddable":true,"href":"https:\/\/formalprision.com\/index.php?rest_route=%2Fwp%2Fv2%2Fcategories&post=6615"},{"taxonomy":"post_tag","embeddable":true,"href":"https:\/\/formalprision.com\/index.php?rest_route=%2Fwp%2Fv2%2Ftags&post=6615"}],"curies":[{"name":"wp","href":"https:\/\/api.w.org\/{rel}","templated":true}]}}