{"id":6617,"date":"2012-08-10T19:29:00","date_gmt":"2012-08-10T19:29:00","guid":{"rendered":"http:\/\/formalprision.info\/2012\/08\/10\/camion-de-carga-derriba-la-barda-de\/"},"modified":"2015-06-03T08:50:44","modified_gmt":"2015-06-03T08:50:44","slug":"camion-de-carga-derriba-la-barda-de","status":"publish","type":"post","link":"https:\/\/formalprision.com\/?p=6617","title":{"rendered":"Cami\u00f3n de carga derriba la barda del penal meridano y causa alarma"},"content":{"rendered":"<p><\/p>\n<div class=\"separator\" style=\"clear: both; text-align: center;\"><a href=\"http:\/\/2.bp.blogspot.com\/-k_kzrh6T6tQ\/UCVgma7P1aI\/AAAAAAAAI6k\/HujSgu8bZYQ\/s1600\/AASASATELITE.jpg\" imageanchor=\"1\" style=\"margin-left: 1em; margin-right: 1em;\"><img loading=\"lazy\" decoding=\"async\" border=\"0\" height=\"239\" src=\"http:\/\/formalprision.com\/wp-content\/uploads\/2012\/08\/AASASATELITE.jpg\" width=\"320\" \/><\/a><\/div>\n<div class=\"MsoNormal\" style=\"background-color: white; background-position: initial initial; background-repeat: initial initial; margin-bottom: 0.0001pt;\">Las medidas de alerta se activaron este d\u00eda en el penal meridano luego de que un cami\u00f3n de una empresa refresquera deribara el port\u00f3n principal &nbsp;de acceso del centro penitenciario.<\/div>\n<div class=\"MsoNormal\" style=\"background-color: white; background-position: initial initial; background-repeat: initial initial; margin-bottom: 0.0001pt;\">Aunque se trat\u00f3 de un accidente, el hecho motiv\u00f3 que se activara el protocolo de seguridad, se reforzar\u00e1 la vigilancia y se aislara a los presos moment\u00e1neamente.<\/div>\n<div class=\"MsoNormal\" style=\"background-color: white; background-position: initial initial; background-repeat: initial initial; margin-bottom: 0.0001pt;\">El accidente ocurri\u00f3 poco despu\u00e9s de la 1 de la tarde, cuando un cami\u00f3n de la empresa refresquera Pepsi acudi\u00f3 a surtir producto al reclusorio de San Jos\u00e9 Al querer ingresar, &nbsp;por un mal c\u00e1lculo del chofer, el cami\u00f3n impact\u00f3 el port\u00f3n y lo derribo, desprendiendo parte de la barda del reclusorio, &nbsp;lo que origin\u00f3 la alarma y activ\u00f3 el protocolo de seguridad.<\/div>\n<div class=\"MsoNormal\" style=\"background-color: white; background-position: initial initial; background-repeat: initial initial; margin-bottom: 0.0001pt;\">La SSP apoy\u00f3 de inmediato en las tareas, para lo cual desde las torres de vigilancia los polic\u00edas se colocaron en posici\u00f3n de disparo con sus rifles de largo alcance, adem\u00e1s se enviaron refuerzos desde la base de la corporaci\u00f3n que se ubica a unos metros.<\/div>\n<div class=\"MsoNormal\" style=\"background-color: white; background-position: initial initial; background-repeat: initial initial; margin-bottom: 0.0001pt;\">El chofer fue detenido moment\u00e1neamente. Aunque report\u00f3 lo sucedido a sus superiores para que lo apoyaran.<\/div>\n<div class=\"MsoNormal\" style=\"background-color: white; background-position: initial initial; background-repeat: initial initial; margin-bottom: 0.0001pt;\">La SSP se hizo cargo de todo el operativo, resolviendo el problema y se dispuso que alba\u00f1iles trabajen el sitio para levantar el `port\u00f3n y la barda.<\/div>\n","protected":false},"excerpt":{"rendered":"<p>Las medidas de alerta se activaron este d\u00eda en el penal meridano luego de que un cami\u00f3n de una empresa refresquera deribara el port\u00f3n principal &nbsp;de acceso del centro penitenciario.<\/p>\n","protected":false},"author":1,"featured_media":23338,"comment_status":"open","ping_status":"open","sticky":false,"template":"","format":"standard","meta":{"jetpack_post_was_ever_published":false,"_jetpack_newsletter_access":"","_jetpack_dont_email_post_to_subs":false,"_jetpack_newsletter_tier_id":0,"_jetpack_memberships_contains_paywalled_content":false,"_jetpack_memberships_contains_paid_content":false,"footnotes":"","jetpack_publicize_message":"","jetpack_publicize_feature_enabled":true,"jetpack_social_post_already_shared":false,"jetpack_social_options":{"image_generator_settings":{"template":"highway","default_image_id":0,"font":"","enabled":false},"version":2}},"categories":[3,1,49],"tags":[],"class_list":["post-6617","post","type-post","status-publish","format-standard","has-post-thumbnail","hentry","category-portada","category-sin-categoria","category-tocho-morocho"],"jetpack_publicize_connections":[],"jetpack_featured_media_url":"https:\/\/formalprision.com\/wp-content\/uploads\/2012\/08\/AASASATELITE.jpg","jetpack_sharing_enabled":true,"jetpack_shortlink":"https:\/\/wp.me\/p6id8p-1IJ","_links":{"self":[{"href":"https:\/\/formalprision.com\/index.php?rest_route=\/wp\/v2\/posts\/6617","targetHints":{"allow":["GET"]}}],"collection":[{"href":"https:\/\/formalprision.com\/index.php?rest_route=\/wp\/v2\/posts"}],"about":[{"href":"https:\/\/formalprision.com\/index.php?rest_route=\/wp\/v2\/types\/post"}],"author":[{"embeddable":true,"href":"https:\/\/formalprision.com\/index.php?rest_route=\/wp\/v2\/users\/1"}],"replies":[{"embeddable":true,"href":"https:\/\/formalprision.com\/index.php?rest_route=%2Fwp%2Fv2%2Fcomments&post=6617"}],"version-history":[{"count":0,"href":"https:\/\/formalprision.com\/index.php?rest_route=\/wp\/v2\/posts\/6617\/revisions"}],"wp:featuredmedia":[{"embeddable":true,"href":"https:\/\/formalprision.com\/index.php?rest_route=\/wp\/v2\/media\/23338"}],"wp:attachment":[{"href":"https:\/\/formalprision.com\/index.php?rest_route=%2Fwp%2Fv2%2Fmedia&parent=6617"}],"wp:term":[{"taxonomy":"category","embeddable":true,"href":"https:\/\/formalprision.com\/index.php?rest_route=%2Fwp%2Fv2%2Fcategories&post=6617"},{"taxonomy":"post_tag","embeddable":true,"href":"https:\/\/formalprision.com\/index.php?rest_route=%2Fwp%2Fv2%2Ftags&post=6617"}],"curies":[{"name":"wp","href":"https:\/\/api.w.org\/{rel}","templated":true}]}}