{"id":6618,"date":"2012-08-10T02:00:00","date_gmt":"2012-08-10T02:00:00","guid":{"rendered":"http:\/\/formalprision.info\/2012\/08\/10\/detenidos-robando-en-una-escuela-en\/"},"modified":"2015-06-03T08:50:44","modified_gmt":"2015-06-03T08:50:44","slug":"detenidos-robando-en-una-escuela-en","status":"publish","type":"post","link":"https:\/\/formalprision.com\/?p=6618","title":{"rendered":"Detenidos robando en una escuela en plenas vacaciones"},"content":{"rendered":"<p><\/p>\n<div class=\"separator\" style=\"clear: both; text-align: center;\"><a href=\"http:\/\/1.bp.blogspot.com\/-3-CVzdLu3eQ\/UCRpLgmHpuI\/AAAAAAAAI5I\/yDD_7mqaIEU\/s1600\/afernando.JPG\" imageanchor=\"1\" style=\"margin-left: 1em; margin-right: 1em;\"><img loading=\"lazy\" decoding=\"async\" border=\"0\" height=\"240\" src=\"http:\/\/formalprision.com\/wp-content\/uploads\/2012\/08\/afernando.jpg\" width=\"320\" \/><\/a><\/div>\n<div class=\"MsoNormal\" style=\"background-color: white; background-position: initial initial; background-repeat: initial initial; margin-bottom: 0.0001pt;\">Abraham Uc Sosa y Cristian Manuel Arg\u00e1ez Cervera fueron detenidos luego de robar tuber\u00eda de cobre en una escuela del fraccionamiento Pol\u00edgono 108.<\/div>\n<div class=\"MsoNormal\" style=\"background-color: white; background-position: initial initial; background-repeat: initial initial; margin-bottom: 0.0001pt;\">Los dos presuntos ladrones fueron consignados al Juzgado Octavo Penal, acusados de robo calificado.<\/div>\n<div class=\"MsoNormal\" style=\"background-color: white; background-position: initial initial; background-repeat: initial initial; margin-bottom: 0.0001pt;\">Seg\u00fan el expediente del caso, ambos fueron sorprendidos cuando brincaban la malla cicl\u00f3nica de la escuela \u201cAntonio Bustillos Carrillo\u201d,.<\/div>\n<div class=\"MsoNormal\" style=\"background-color: white; background-position: initial initial; background-repeat: initial initial; margin-bottom: 0.0001pt;\">El robo ocurri\u00f3 cerca de las 5 de la madrugada, cuando los polic\u00edas pasaron por la calle 31 B x 26 B, de Pol\u00edgono 108 y vieron a los sujetos saltar la malla.<\/div>\n<div class=\"MsoNormal\" style=\"background-color: white; background-position: initial initial; background-repeat: initial initial; margin-bottom: 0.0001pt;\">Los interceptaron y al revisar una mochila rosada encontraron varios pedazos de cobre, por lo que los detuvieron.<\/div>\n<div class=\"MsoNormal\" style=\"background-color: white; background-position: initial initial; background-repeat: initial initial; margin-bottom: 0.0001pt;\">Sin embargo, al rendir su declaraci\u00f3n preparatoria, los acusados negaron los hechos y culparon del robo a unos desconocidos.<\/div>\n<div class=\"MsoNormal\" style=\"background-color: white; background-position: initial initial; background-repeat: initial initial; margin-bottom: 0.0001pt;\">Dijeron que salieron a dar un paseo en bicicleta y al pasar por un pasillo aleda\u00f1o a la escuela se les aparecieron tres sujetos que arrojaron la mochila junto a ellos y luego corrieron.<\/div>\n<div class=\"MsoNormal\" style=\"background-color: white; background-position: initial initial; background-repeat: initial initial; margin-bottom: 0.0001pt;\">Casi de inmediato llegaron unos polic\u00edas y los acusaron del robo con la mochila que arrojaron los otros sujetos.<\/div>\n<div class=\"MsoNormal\" style=\"background-color: white; background-position: initial initial; background-repeat: initial initial; margin-bottom: 0.0001pt;\">Debido a que el monto de lo robado no llega ni a los .$1.000 tiene derecho a salir libre bajo fianza.<\/div>\n<div class=\"MsoNormal\" style=\"background-color: white; background-position: initial initial; background-repeat: initial initial; margin-bottom: 0.0001pt;\">\u2019&#8212;&#8211;<\/div>\n<div class=\"MsoNormal\" style=\"background-color: white; background-position: initial initial; background-repeat: initial initial; margin-bottom: 0.0001pt;\"><\/div>\n","protected":false},"excerpt":{"rendered":"<p>Abraham Uc Sosa y Cristian Manuel Arg\u00e1ez Cervera fueron detenidos luego de robar tuber\u00eda de cobre en una escuela del fraccionamiento Pol\u00edgono 108. Los dos presuntos ladrones fueron consignados al<\/p>\n","protected":false},"author":1,"featured_media":23340,"comment_status":"open","ping_status":"open","sticky":false,"template":"","format":"standard","meta":{"jetpack_post_was_ever_published":false,"_jetpack_newsletter_access":"","_jetpack_dont_email_post_to_subs":false,"_jetpack_newsletter_tier_id":0,"_jetpack_memberships_contains_paywalled_content":false,"_jetpack_memberships_contains_paid_content":false,"footnotes":"","jetpack_publicize_message":"","jetpack_publicize_feature_enabled":true,"jetpack_social_post_already_shared":false,"jetpack_social_options":{"image_generator_settings":{"template":"highway","default_image_id":0,"font":"","enabled":false},"version":2}},"categories":[50,3,57,1,53],"tags":[],"class_list":["post-6618","post","type-post","status-publish","format-standard","has-post-thumbnail","hentry","category-machines","category-portada","category-ratas","category-sin-categoria","category-yo-no-fui"],"jetpack_publicize_connections":[],"jetpack_featured_media_url":"https:\/\/formalprision.com\/wp-content\/uploads\/2012\/08\/afernando.jpg","jetpack_sharing_enabled":true,"jetpack_shortlink":"https:\/\/wp.me\/p6id8p-1IK","_links":{"self":[{"href":"https:\/\/formalprision.com\/index.php?rest_route=\/wp\/v2\/posts\/6618","targetHints":{"allow":["GET"]}}],"collection":[{"href":"https:\/\/formalprision.com\/index.php?rest_route=\/wp\/v2\/posts"}],"about":[{"href":"https:\/\/formalprision.com\/index.php?rest_route=\/wp\/v2\/types\/post"}],"author":[{"embeddable":true,"href":"https:\/\/formalprision.com\/index.php?rest_route=\/wp\/v2\/users\/1"}],"replies":[{"embeddable":true,"href":"https:\/\/formalprision.com\/index.php?rest_route=%2Fwp%2Fv2%2Fcomments&post=6618"}],"version-history":[{"count":0,"href":"https:\/\/formalprision.com\/index.php?rest_route=\/wp\/v2\/posts\/6618\/revisions"}],"wp:featuredmedia":[{"embeddable":true,"href":"https:\/\/formalprision.com\/index.php?rest_route=\/wp\/v2\/media\/23340"}],"wp:attachment":[{"href":"https:\/\/formalprision.com\/index.php?rest_route=%2Fwp%2Fv2%2Fmedia&parent=6618"}],"wp:term":[{"taxonomy":"category","embeddable":true,"href":"https:\/\/formalprision.com\/index.php?rest_route=%2Fwp%2Fv2%2Fcategories&post=6618"},{"taxonomy":"post_tag","embeddable":true,"href":"https:\/\/formalprision.com\/index.php?rest_route=%2Fwp%2Fv2%2Ftags&post=6618"}],"curies":[{"name":"wp","href":"https:\/\/api.w.org\/{rel}","templated":true}]}}