{"id":662,"date":"2015-04-05T20:57:00","date_gmt":"2015-04-05T20:57:00","guid":{"rendered":"http:\/\/formalprision.info\/2015\/04\/05\/inician-campanas-nerio-torres-y\/"},"modified":"2015-06-03T08:23:16","modified_gmt":"2015-06-03T08:23:16","slug":"inician-campanas-nerio-torres-y","status":"publish","type":"post","link":"https:\/\/formalprision.com\/?p=662","title":{"rendered":"Declaraci\u00f3n patrimonial de Nerio Torres y Mauricio Vila"},"content":{"rendered":"<div id=\"noticia\" style=\"margin: 0px; padding: 0px; border: 0px; outline: 0px; vertical-align: baseline;\">\n<div id=\"contenido\" style=\"margin: 0px; padding: 0px; border: 0px; outline: 0px; vertical-align: baseline; text-align: justify;\">\n<div style=\"text-align: start; margin: 0px; padding: 0px; border: 0px; outline: 0px; vertical-align: baseline;\">\n<div style=\"margin: 0px; padding: 0px; border: 0px; outline: 0px; vertical-align: baseline;\">\n<div style=\"color: rgba(0, 0, 0, 0.701961); font-family: UICTFontTextStyleBody; font-size: 19px; -webkit-composition-fill-color: rgba(130, 98, 83, 0.0980392); margin: 0px; padding: 0px; border: 0px; outline: 0px; vertical-align: baseline;\">Los candidatos del PRI y PAN a la alcald\u00eda de M\u00e9rida, Nerio Torres Arcila y Mauricio Vila Dosal, respectivamente, iniciaron este domingo sus campa\u00f1as.<\/div>\n<div style=\"color: rgba(0, 0, 0, 0.701961); font-family: UICTFontTextStyleBody; font-size: 19px; -webkit-composition-fill-color: rgba(130, 98, 83, 0.0980392); margin: 0px; padding: 0px; border: 0px; outline: 0px; vertical-align: baseline;\"><\/div>\n<div style=\"color: rgba(0, 0, 0, 0.701961); font-family: UICTFontTextStyleBody; font-size: 19px; -webkit-composition-fill-color: rgba(130, 98, 83, 0.0980392); margin: 0px; padding: 0px; border: 0px; outline: 0px; vertical-align: baseline;\">El abanderado pri\u00edsta, quien sostuvo una reuni\u00f3n en Santa Ana, ofreci\u00f3 servicio de recoja gratuito y centros m\u00e9dicos municipales las 24 horas.<\/div>\n<div style=\"color: rgba(0, 0, 0, 0.701961); font-family: UICTFontTextStyleBody; font-size: 19px; -webkit-composition-fill-color: rgba(130, 98, 83, 0.0980392); margin: 0px; padding: 0px; border: 0px; outline: 0px; vertical-align: baseline;\"><\/div>\n<div style=\"color: rgba(0, 0, 0, 0.701961); font-family: UICTFontTextStyleBody; font-size: 19px; -webkit-composition-fill-color: rgba(130, 98, 83, 0.0980392); margin: 0px; padding: 0px; border: 0px; outline: 0px; vertical-align: baseline;\">Su contrincante panista, Mauricio Vila Dosal, inici\u00f3 poco antes haciendo p\u00fablica su presunta declaraci\u00f3n patrimonial, presumiendo ingresos por casi $7.500,000 en el \u00faltimo ejercicio fiscal.<\/div>\n<div style=\"color: rgba(0, 0, 0, 0.701961); font-family: UICTFontTextStyleBody; font-size: 19px; -webkit-composition-fill-color: rgba(130, 98, 83, 0.0980392); margin: 0px; padding: 0px; border: 0px; outline: 0px; vertical-align: baseline;\">Nerio Torres revel\u00f3 que tambi\u00e9n hizo ya su declaraci\u00f3n patrimonial, la cual se firm\u00f3 ayer ante un notario p\u00fablico .<\/p>\n<div>Nerio, en su declaraci\u00f3n, se\u00f1ala que tiene una casa en el fraccionamiento Montejo; un terreno con casa en Xcumpich, otro sin casa en el Country Club; 25% de un terreno sin casa en Misnebalam &nbsp;y el 18% de un terreno en Espita.<\/div>\n<p>El abanderado pri\u00edsta dio a conocer que su campa\u00f1a tendr\u00e1 el lema&nbsp;\u201cSensibilidad y orden\u201d, que son dos valores que est\u00e1n dentro de sus propuestas,Dijo que enfocar\u00e1 durante su campa\u00f1a hacia la presidencia municipal de M\u00e9rida temas de econom\u00eda, seguridad, salud y deporte, educaci\u00f3n y cultura, servicios p\u00fablicos, vivienda y desarrollo urbano, transporte y vialidad, y gobierno responsable y cercano..<\/div>\n<\/div>\n<div style=\"margin: 0px; padding: 0px; border: 0px; outline: 0px; vertical-align: baseline;\">\n<div class=\"\">\n<div style=\"color: rgba(0, 0, 0, 0.701961); font-family: UICTFontTextStyleBody; font-size: 19px; -webkit-composition-fill-color: rgba(130, 98, 83, 0.0980392);\">Mauricio Vila tendr\u00e1 como lema \u201cM\u00e9rida sigue Adelante\u201d. El candidato asegur\u00f3 que esta campa\u00f1a ser\u00e1 de comparaci\u00f3n, ya que los ciudadanos cotejar\u00e1n los resultados de las administraciones federales, estatales y municipales que ha tenido Acci\u00f3n Nacional y las que han tenido los priistas.<\/div>\n<div style=\"color: rgba(0, 0, 0, 0.701961); font-family: UICTFontTextStyleBody; font-size: 19px; -webkit-composition-fill-color: rgba(130, 98, 83, 0.0980392);\"><\/div>\n<div style=\"color: rgba(0, 0, 0, 0.701961); font-family: UICTFontTextStyleBody; font-size: 19px; -webkit-composition-fill-color: rgba(130, 98, 83, 0.0980392);\">Por ello, asegur\u00f3, su campa\u00f1a estar\u00e1 lejos de las confrontaciones est\u00e9riles y la guerra sucia, buscando distinguirse por ser propositivo, incluyente y de dialogo con la ciudadan\u00eda.<\/div>\n<div style=\"color: rgba(0, 0, 0, 0.701961); font-family: UICTFontTextStyleBody; font-size: 19px; -webkit-composition-fill-color: rgba(130, 98, 83, 0.0980392);\"><\/div>\n<div style=\"color: rgba(0, 0, 0, 0.701961); font-family: UICTFontTextStyleBody; font-size: 19px; -webkit-composition-fill-color: rgba(130, 98, 83, 0.0980392);\">Dijo que&nbsp;su declaraci\u00f3n patrimonial, que entregar\u00e1 a la Secretar\u00eda de la Contralor\u00eda General, registra sus ingresos del ejercicio fiscal 2014, que ascendieron a siete millones 466 mil 796, entre su sueldo como diputado local y su ingreso como empresario, teniendo una deducci\u00f3n de impuestos dos millones 467 mil 281.85 pesos.<\/div>\n<div style=\"color: rgba(0, 0, 0, 0.701961); font-family: UICTFontTextStyleBody; font-size: 19px; -webkit-composition-fill-color: rgba(130, 98, 83, 0.0980392);\">\n<div class=\"separator\" style=\"clear: both;\"><a href=\"https:\/\/lh4.googleusercontent.com\/-2RoE2ESnViY\/VSGkvTHJhdI\/AAAAAAAAnPU\/Vu_UZ-5uu2g\/s640\/blogger-image-1948132523.jpg\" imageanchor=\"1\" style=\"margin-left: 1em; margin-right: 1em;\"><img decoding=\"async\" border=\"0\" src=\"https:\/\/lh4.googleusercontent.com\/-2RoE2ESnViY\/VSGkvTHJhdI\/AAAAAAAAnPU\/Vu_UZ-5uu2g\/s640\/blogger-image-1948132523.jpg\"><\/a><\/div>\n<p><\/div>\n<div><\/div>\n<\/div>\n<\/div>\n<div style=\"margin: 0px; padding: 0px; border: 0px; outline: 0px; vertical-align: baseline;\"><\/div>\n<div style=\"margin: 0px; padding: 0px; border: 0px; outline: 0px; vertical-align: baseline;\"><\/div>\n<div style=\"margin: 0px; padding: 0px; border: 0px; outline: 0px; vertical-align: baseline;\"><\/div>\n<\/div>\n<\/div>\n<\/div>\n","protected":false},"excerpt":{"rendered":"<p>Los candidatos del PRI y PAN a la alcald\u00eda de M\u00e9rida, Nerio Torres Arcila y Mauricio Vila Dosal, respectivamente, iniciaron este domingo sus campa\u00f1as. El abanderado pri\u00edsta, quien sostuvo una<\/p>\n","protected":false},"author":1,"featured_media":11383,"comment_status":"open","ping_status":"open","sticky":false,"template":"","format":"standard","meta":{"jetpack_post_was_ever_published":false,"_jetpack_newsletter_access":"","_jetpack_dont_email_post_to_subs":false,"_jetpack_newsletter_tier_id":0,"_jetpack_memberships_contains_paywalled_content":false,"_jetpack_memberships_contains_paid_content":false,"footnotes":"","jetpack_publicize_message":"","jetpack_publicize_feature_enabled":true,"jetpack_social_post_already_shared":false,"jetpack_social_options":{"image_generator_settings":{"template":"highway","default_image_id":0,"font":"","enabled":false},"version":2}},"categories":[7,9,3,1],"tags":[],"class_list":["post-662","post","type-post","status-publish","format-standard","has-post-thumbnail","hentry","category-breves","category-destacadas","category-portada","category-sin-categoria"],"jetpack_publicize_connections":[],"jetpack_featured_media_url":"https:\/\/formalprision.com\/wp-content\/uploads\/2015\/04\/blogger-image-1948132523.jpg","jetpack_sharing_enabled":true,"jetpack_shortlink":"https:\/\/wp.me\/p6id8p-aG","_links":{"self":[{"href":"https:\/\/formalprision.com\/index.php?rest_route=\/wp\/v2\/posts\/662","targetHints":{"allow":["GET"]}}],"collection":[{"href":"https:\/\/formalprision.com\/index.php?rest_route=\/wp\/v2\/posts"}],"about":[{"href":"https:\/\/formalprision.com\/index.php?rest_route=\/wp\/v2\/types\/post"}],"author":[{"embeddable":true,"href":"https:\/\/formalprision.com\/index.php?rest_route=\/wp\/v2\/users\/1"}],"replies":[{"embeddable":true,"href":"https:\/\/formalprision.com\/index.php?rest_route=%2Fwp%2Fv2%2Fcomments&post=662"}],"version-history":[{"count":0,"href":"https:\/\/formalprision.com\/index.php?rest_route=\/wp\/v2\/posts\/662\/revisions"}],"wp:featuredmedia":[{"embeddable":true,"href":"https:\/\/formalprision.com\/index.php?rest_route=\/wp\/v2\/media\/11383"}],"wp:attachment":[{"href":"https:\/\/formalprision.com\/index.php?rest_route=%2Fwp%2Fv2%2Fmedia&parent=662"}],"wp:term":[{"taxonomy":"category","embeddable":true,"href":"https:\/\/formalprision.com\/index.php?rest_route=%2Fwp%2Fv2%2Fcategories&post=662"},{"taxonomy":"post_tag","embeddable":true,"href":"https:\/\/formalprision.com\/index.php?rest_route=%2Fwp%2Fv2%2Ftags&post=662"}],"curies":[{"name":"wp","href":"https:\/\/api.w.org\/{rel}","templated":true}]}}