{"id":6624,"date":"2012-08-08T01:14:00","date_gmt":"2012-08-08T01:14:00","guid":{"rendered":"http:\/\/formalprision.info\/2012\/08\/08\/extraviada-en-merida-una-joven-con\/"},"modified":"2015-06-03T08:50:45","modified_gmt":"2015-06-03T08:50:45","slug":"extraviada-en-merida-una-joven-con","status":"publish","type":"post","link":"https:\/\/formalprision.com\/?p=6624","title":{"rendered":"Extraviada en M\u00e9rida una joven con problemas mentales"},"content":{"rendered":"<p><\/p>\n<div class=\"separator\" style=\"clear: both; text-align: center;\"><a href=\"http:\/\/2.bp.blogspot.com\/-vrgUTM5Hxhk\/UCG9MCkuOvI\/AAAAAAAAIvY\/SpDaqjLvpvw\/s1600\/aaaperdididta.JPG\" imageanchor=\"1\" style=\"margin-left: 1em; margin-right: 1em;\"><img loading=\"lazy\" decoding=\"async\" border=\"0\" height=\"240\" src=\"http:\/\/formalprision.com\/wp-content\/uploads\/2012\/08\/aaaperdididta.jpg\" width=\"320\" \/><\/a><\/div>\n<div class=\"MsoNormal\" style=\"text-align: justify;\">La Polic\u00eda Municipal de M\u00e9rida localiz\u00f3 este d\u00eda sobre la calle 67 por 50 y 52 a un joven que padece de sus facultades mentales.<\/div>\n<div class=\"MsoNormal\" style=\"text-align: justify;\">La joven dijo llamarse ELVIA CAB CEN, de aproximadamente 30 a\u00f1os de edad y originaria de Hocab\u00e1.<\/div>\n<div class=\"MsoNormal\" style=\"text-align: justify;\">Dijo a los uniformados que anda en busca de su madre,&nbsp; Victoria Cen Pool, quien labora en M\u00e9rida.<\/div>\n<div class=\"MsoNormal\" style=\"text-align: justify;\">La extraviada fue llevada a las instalaciones de la Polic\u00eda Municipal de M\u00e9rida., que pide ayuda a la sociedad para localizar a sus familiares.<\/div>\n<div class=\"MsoNormal\" style=\"background-color: white; background-position: initial initial; background-repeat: initial initial; margin-bottom: 0.0001pt;\"><\/div>\n<div class=\"MsoNormal\" style=\"background-color: white; background-position: initial initial; background-repeat: initial initial; margin-bottom: 0.0001pt;\"><\/div>\n<div class=\"MsoNormal\" style=\"background-color: white; background-position: initial initial; background-repeat: initial initial; margin-bottom: 0.0001pt;\"><\/div>\n","protected":false},"excerpt":{"rendered":"<p>La Polic\u00eda Municipal de M\u00e9rida localiz\u00f3 este d\u00eda sobre la calle 67 por 50 y 52 a un joven que padece de sus facultades mentales. La joven dijo llamarse ELVIA<\/p>\n","protected":false},"author":1,"featured_media":23352,"comment_status":"open","ping_status":"open","sticky":false,"template":"","format":"standard","meta":{"jetpack_post_was_ever_published":false,"_jetpack_newsletter_access":"","_jetpack_dont_email_post_to_subs":false,"_jetpack_newsletter_tier_id":0,"_jetpack_memberships_contains_paywalled_content":false,"_jetpack_memberships_contains_paid_content":false,"footnotes":"","jetpack_publicize_message":"","jetpack_publicize_feature_enabled":true,"jetpack_social_post_already_shared":false,"jetpack_social_options":{"image_generator_settings":{"template":"highway","default_image_id":0,"font":"","enabled":false},"version":2}},"categories":[3,58,1],"tags":[],"class_list":["post-6624","post","type-post","status-publish","format-standard","has-post-thumbnail","hentry","category-portada","category-rescates","category-sin-categoria"],"jetpack_publicize_connections":[],"jetpack_featured_media_url":"https:\/\/formalprision.com\/wp-content\/uploads\/2012\/08\/aaaperdididta.jpg","jetpack_sharing_enabled":true,"jetpack_shortlink":"https:\/\/wp.me\/p6id8p-1IQ","_links":{"self":[{"href":"https:\/\/formalprision.com\/index.php?rest_route=\/wp\/v2\/posts\/6624","targetHints":{"allow":["GET"]}}],"collection":[{"href":"https:\/\/formalprision.com\/index.php?rest_route=\/wp\/v2\/posts"}],"about":[{"href":"https:\/\/formalprision.com\/index.php?rest_route=\/wp\/v2\/types\/post"}],"author":[{"embeddable":true,"href":"https:\/\/formalprision.com\/index.php?rest_route=\/wp\/v2\/users\/1"}],"replies":[{"embeddable":true,"href":"https:\/\/formalprision.com\/index.php?rest_route=%2Fwp%2Fv2%2Fcomments&post=6624"}],"version-history":[{"count":0,"href":"https:\/\/formalprision.com\/index.php?rest_route=\/wp\/v2\/posts\/6624\/revisions"}],"wp:featuredmedia":[{"embeddable":true,"href":"https:\/\/formalprision.com\/index.php?rest_route=\/wp\/v2\/media\/23352"}],"wp:attachment":[{"href":"https:\/\/formalprision.com\/index.php?rest_route=%2Fwp%2Fv2%2Fmedia&parent=6624"}],"wp:term":[{"taxonomy":"category","embeddable":true,"href":"https:\/\/formalprision.com\/index.php?rest_route=%2Fwp%2Fv2%2Fcategories&post=6624"},{"taxonomy":"post_tag","embeddable":true,"href":"https:\/\/formalprision.com\/index.php?rest_route=%2Fwp%2Fv2%2Ftags&post=6624"}],"curies":[{"name":"wp","href":"https:\/\/api.w.org\/{rel}","templated":true}]}}