{"id":6627,"date":"2012-08-07T23:04:00","date_gmt":"2012-08-07T23:04:00","guid":{"rendered":"http:\/\/formalprision.info\/2012\/08\/07\/detienen-al-tesorero-de-los-carniceros\/"},"modified":"2015-06-03T08:50:46","modified_gmt":"2015-06-03T08:50:46","slug":"detienen-al-tesorero-de-los-carniceros","status":"publish","type":"post","link":"https:\/\/formalprision.com\/?p=6627","title":{"rendered":"Detienen al tesorero de los carniceros por robarle $700,000 a los socios"},"content":{"rendered":"<p><\/p>\n<div class=\"separator\" style=\"clear: both; text-align: center;\"><a href=\"http:\/\/4.bp.blogspot.com\/-Q0BPunkBldE\/UCGeUVO1ZJI\/AAAAAAAAIsg\/bG8GHuyv-ls\/s1600\/aacarniceros.JPG\" imageanchor=\"1\" style=\"margin-left: 1em; margin-right: 1em;\"><img loading=\"lazy\" decoding=\"async\" border=\"0\" height=\"307\" src=\"http:\/\/formalprision.com\/wp-content\/uploads\/2012\/08\/aacarniceros.jpg\" width=\"320\" \/><\/a><\/div>\n<div class=\"MsoNormal\" style=\"background: white; margin-bottom: 16.2pt; text-align: justify;\">Elementos de Fiscal\u00eda General del Estado detuvieron a <b>\u00c1lvaro Caballero Dom\u00ednguez<\/b>, de 56 a\u00f1os tesorero de la Uni\u00f3n de Abastecedores de M\u00e9rida, acusado de robarse del dinero de la agrupaci\u00f3n.<\/div>\n<div class=\"MsoNormal\" style=\"background: white; margin-bottom: 16.2pt; text-align: justify;\">Es responsabilizado del delito de <b style=\"background-color: white; color: #2a2a2a; font-family: Arial, sans-serif; font-size: 14pt; line-height: 115%;\">ROBO CALIFICADO<\/b> y denunciado por Ra\u00fal Faustino Quintal Ort\u00edz.<\/div>\n<div class=\"MsoNormal\" style=\"background: white; margin-bottom: 16.2pt; text-align: justify;\">El denunciante dijo en octubre de 2009, que ostenta el cargo de Presidente de la Uni\u00f3n de Abastecedores de Carnes de Cerdo de M\u00e9rida, agrupaci\u00f3n a la que tambi\u00e9n pertenece \u00c1lvaro Caballero como secretario tesorero.<\/div>\n<div class=\"MsoNormal\" style=\"background: white; margin-bottom: 16.2pt; text-align: justify;\">Ra\u00fal Quintal indica que detect\u00f3 el problema en mayo de ese mismo a\u00f1o de 2009 al solicitar un informe anual, percat\u00e1ndose tanto \u00e9l como los dem\u00e1s socios que \u00c1lvaro Caballero no hab\u00eda entregado dichos documentos ni los comprobantes por los cobros de cuotas, procediendo localizar al responsable, quien se negaba a cumplir con este requisito a pesar de los m\u00faltiples requerimientos.<\/div>\n<div class=\"MsoNormal\" style=\"background: white; margin-bottom: 16.2pt; text-align: justify;\"><\/div>\n<div class=\"MsoNormal\" style=\"background: white; margin-bottom: 16.2pt; text-align: justify;\">Finalmente el quejoso localiz\u00f3 al ahora detenido en el mercado de San Benito, pretextando varias situaciones el aludido y tras incumplir m\u00faltiples citatorios, el cinco de octubre de 2009 fue localizado y se le cuestion\u00f3 por los 720 mil pesos que debi\u00f3 haber depositado, respondiendo que no ten\u00eda ning\u00fan peso, neg\u00e1ndose a explicar que hab\u00eda hecho con el dinero y dado a que no ofreci\u00f3 devolverlo ni a llegar a un arreglo, se procedi\u00f3 legalmente en su contra mediante un memorial.<\/div>\n<div class=\"MsoNormal\" style=\"background: white; margin-bottom: 16.2pt; text-align: justify;\">Corridas las indagatorias, \u00c1lvaro Caballero fue localizado hoy en la calle 64 x 77 del centro de la ciudad por agentes ministeriales que hicieron v\u00e1lida la orden de atracci\u00f3n emitida por el Juez Sexto y lo trasladaron al \u00e1rea de seguridad de esta instancia para posteriormente ser turnado con el expediente al Centro de Reinserci\u00f3n <\/div>\n<div class=\"MsoNormal\" style=\"background: white; margin-bottom: 16.2pt; text-align: justify;\"><\/div>\n","protected":false},"excerpt":{"rendered":"<p>Elementos de Fiscal\u00eda General del Estado detuvieron a \u00c1lvaro Caballero Dom\u00ednguez, de 56 a\u00f1os tesorero de la Uni\u00f3n de Abastecedores de M\u00e9rida, acusado de robarse del dinero de la agrupaci\u00f3n.<\/p>\n","protected":false},"author":1,"featured_media":23357,"comment_status":"open","ping_status":"open","sticky":false,"template":"","format":"standard","meta":{"jetpack_post_was_ever_published":false,"_jetpack_newsletter_access":"","_jetpack_dont_email_post_to_subs":false,"_jetpack_newsletter_tier_id":0,"_jetpack_memberships_contains_paywalled_content":false,"_jetpack_memberships_contains_paid_content":false,"footnotes":"","jetpack_publicize_message":"","jetpack_publicize_feature_enabled":true,"jetpack_social_post_already_shared":false,"jetpack_social_options":{"image_generator_settings":{"template":"highway","default_image_id":0,"font":"","enabled":false},"version":2}},"categories":[3,1,54],"tags":[],"class_list":["post-6627","post","type-post","status-publish","format-standard","has-post-thumbnail","hentry","category-portada","category-sin-categoria","category-yucatan"],"jetpack_publicize_connections":[],"jetpack_featured_media_url":"https:\/\/formalprision.com\/wp-content\/uploads\/2012\/08\/aacarniceros.jpg","jetpack_sharing_enabled":true,"jetpack_shortlink":"https:\/\/wp.me\/p6id8p-1IT","_links":{"self":[{"href":"https:\/\/formalprision.com\/index.php?rest_route=\/wp\/v2\/posts\/6627","targetHints":{"allow":["GET"]}}],"collection":[{"href":"https:\/\/formalprision.com\/index.php?rest_route=\/wp\/v2\/posts"}],"about":[{"href":"https:\/\/formalprision.com\/index.php?rest_route=\/wp\/v2\/types\/post"}],"author":[{"embeddable":true,"href":"https:\/\/formalprision.com\/index.php?rest_route=\/wp\/v2\/users\/1"}],"replies":[{"embeddable":true,"href":"https:\/\/formalprision.com\/index.php?rest_route=%2Fwp%2Fv2%2Fcomments&post=6627"}],"version-history":[{"count":0,"href":"https:\/\/formalprision.com\/index.php?rest_route=\/wp\/v2\/posts\/6627\/revisions"}],"wp:featuredmedia":[{"embeddable":true,"href":"https:\/\/formalprision.com\/index.php?rest_route=\/wp\/v2\/media\/23357"}],"wp:attachment":[{"href":"https:\/\/formalprision.com\/index.php?rest_route=%2Fwp%2Fv2%2Fmedia&parent=6627"}],"wp:term":[{"taxonomy":"category","embeddable":true,"href":"https:\/\/formalprision.com\/index.php?rest_route=%2Fwp%2Fv2%2Fcategories&post=6627"},{"taxonomy":"post_tag","embeddable":true,"href":"https:\/\/formalprision.com\/index.php?rest_route=%2Fwp%2Fv2%2Ftags&post=6627"}],"curies":[{"name":"wp","href":"https:\/\/api.w.org\/{rel}","templated":true}]}}