{"id":6630,"date":"2012-08-07T19:23:00","date_gmt":"2012-08-07T19:23:00","guid":{"rendered":"http:\/\/formalprision.info\/2012\/08\/07\/lo-detiene-la-fiscalia-por-abusar-de-un\/"},"modified":"2015-06-03T08:50:46","modified_gmt":"2015-06-03T08:50:46","slug":"lo-detiene-la-fiscalia-por-abusar-de-un","status":"publish","type":"post","link":"https:\/\/formalprision.com\/?p=6630","title":{"rendered":"Lo detiene la  Fiscal\u00eda por abusar de un ni\u00f1o"},"content":{"rendered":"<p><\/p>\n<div class=\"separator\" style=\"clear: both; text-align: center;\"><a href=\"http:\/\/1.bp.blogspot.com\/-mHWBOXyQ6TM\/UCFrABWMS3I\/AAAAAAAAIpo\/wpoH_brRFRg\/s1600\/aaavioloncello.jpg\" imageanchor=\"1\" style=\"margin-left: 1em; margin-right: 1em;\"><img loading=\"lazy\" decoding=\"async\" border=\"0\" height=\"213\" src=\"http:\/\/formalprision.com\/wp-content\/uploads\/2012\/08\/aaavioloncello.jpg\" width=\"320\" \/><\/a><\/div>\n<div class=\"ecxmsonormal\" style=\"background: white; line-height: 115%; text-align: justify;\">Agentes de la Polic\u00eda Ministerial detuvieron a <b>Francisco Javier Mart\u00ednez Castillo (a) \u201cDexter\u201d<\/b>, de 24 a\u00f1os de edad, acusado de abusar de un menor de edad.&nbsp;<\/div>\n<div class=\"ecxmsonormal\" style=\"background: white; line-height: 115%; text-align: justify;\">Es responsabilizado del delito de <b>violaci\u00f3n equiparada y corrupci\u00f3n de menores e incapaces<\/b>, denunciado por la madre de la v\u00edctima.<\/div>\n<div class=\"MsoNormal\" style=\"background: white; margin-bottom: 16.2pt; text-align: justify;\">De acuerdo con la denuncia, interpuesta en febrero de este a\u00f1o, el menor era v\u00edctima de Mart\u00ednez Castillo desde que contaba con cinco a\u00f1os de edad, ya que en diversas ocasiones se aprovech\u00f3 sexualmente de \u00e9l, cuando la madre del peque\u00f1o se ausentaba del predio para ir a trabajar.<\/div>\n<div class=\"MsoNormal\" style=\"background: white; margin-bottom: 16.2pt; text-align: justify;\">Aprovechando la confianza que le ten\u00edan, el sujeto se quedaba con el menor en el predio donde ambos viv\u00edan, ubicado en el fraccionamiento Chenk\u00fa, y con amenazas de hacerle da\u00f1o a su familia obligaba al menor para imponerle la c\u00f3pula.<\/div>\n<div class=\"MsoNormal\" style=\"background: white; margin-bottom: 16.2pt; text-align: justify;\">Se indica en el expediente que los ataques terminaron en noviembre del 2010, cuando el menor ten\u00eda nueve a\u00f1os de edad, debido a que Mart\u00ednez Castillo dej\u00f3 de vivir en el mismo domicilio; pero enterada de los agravios cometidos en contra de su hijo, la madre de la v\u00edctima denunci\u00f3 los hechos<\/div>\n<div class=\"MsoNormal\" style=\"background: white; margin-bottom: 16.2pt; text-align: justify;\"><\/div>\n","protected":false},"excerpt":{"rendered":"<p>Agentes de la Polic\u00eda Ministerial detuvieron a Francisco Javier Mart\u00ednez Castillo (a) \u201cDexter\u201d, de 24 a\u00f1os de edad, acusado de abusar de un menor de edad.&nbsp; Es responsabilizado del delito<\/p>\n","protected":false},"author":1,"featured_media":23362,"comment_status":"open","ping_status":"open","sticky":false,"template":"","format":"standard","meta":{"jetpack_post_was_ever_published":false,"_jetpack_newsletter_access":"","_jetpack_dont_email_post_to_subs":false,"_jetpack_newsletter_tier_id":0,"_jetpack_memberships_contains_paywalled_content":false,"_jetpack_memberships_contains_paid_content":false,"footnotes":"","jetpack_publicize_message":"","jetpack_publicize_feature_enabled":true,"jetpack_social_post_already_shared":false,"jetpack_social_options":{"image_generator_settings":{"template":"highway","default_image_id":0,"font":"","enabled":false},"version":2}},"categories":[3,1,55],"tags":[],"class_list":["post-6630","post","type-post","status-publish","format-standard","has-post-thumbnail","hentry","category-portada","category-sin-categoria","category-violines"],"jetpack_publicize_connections":[],"jetpack_featured_media_url":"https:\/\/formalprision.com\/wp-content\/uploads\/2012\/08\/aaavioloncello.jpg","jetpack_sharing_enabled":true,"jetpack_shortlink":"https:\/\/wp.me\/p6id8p-1IW","_links":{"self":[{"href":"https:\/\/formalprision.com\/index.php?rest_route=\/wp\/v2\/posts\/6630","targetHints":{"allow":["GET"]}}],"collection":[{"href":"https:\/\/formalprision.com\/index.php?rest_route=\/wp\/v2\/posts"}],"about":[{"href":"https:\/\/formalprision.com\/index.php?rest_route=\/wp\/v2\/types\/post"}],"author":[{"embeddable":true,"href":"https:\/\/formalprision.com\/index.php?rest_route=\/wp\/v2\/users\/1"}],"replies":[{"embeddable":true,"href":"https:\/\/formalprision.com\/index.php?rest_route=%2Fwp%2Fv2%2Fcomments&post=6630"}],"version-history":[{"count":0,"href":"https:\/\/formalprision.com\/index.php?rest_route=\/wp\/v2\/posts\/6630\/revisions"}],"wp:featuredmedia":[{"embeddable":true,"href":"https:\/\/formalprision.com\/index.php?rest_route=\/wp\/v2\/media\/23362"}],"wp:attachment":[{"href":"https:\/\/formalprision.com\/index.php?rest_route=%2Fwp%2Fv2%2Fmedia&parent=6630"}],"wp:term":[{"taxonomy":"category","embeddable":true,"href":"https:\/\/formalprision.com\/index.php?rest_route=%2Fwp%2Fv2%2Fcategories&post=6630"},{"taxonomy":"post_tag","embeddable":true,"href":"https:\/\/formalprision.com\/index.php?rest_route=%2Fwp%2Fv2%2Ftags&post=6630"}],"curies":[{"name":"wp","href":"https:\/\/api.w.org\/{rel}","templated":true}]}}