{"id":664,"date":"2015-04-05T20:06:00","date_gmt":"2015-04-05T20:06:00","guid":{"rendered":"http:\/\/formalprision.info\/2015\/04\/05\/campana-alegre-y-propositiva-ofrece\/"},"modified":"2015-06-03T08:23:16","modified_gmt":"2015-06-03T08:23:16","slug":"campana-alegre-y-propositiva-ofrece","status":"publish","type":"post","link":"https:\/\/formalprision.com\/?p=664","title":{"rendered":"Campa\u00f1a alegre y propositiva ofrece Paloma Angulo"},"content":{"rendered":"<p><b>COMUNICADO<\/b><b>MERIDA, Yucat\u00e1n, a 05 de abril de 2015.<\/b>&nbsp;\u201cCon\u00f3ceme bien para que luego vayas a verme al Congreso y compruebes que s\u00ed voy a trabajar para ustedes\u201d, expres\u00f3 a varios ciudadanos la candidata panista a diputada por el Distrito 3 local de M\u00e9rida, Paloma Angulo Su\u00e1rez, al realizar sus primeras actividades de campa\u00f1a.En la madrugada de hoy la regidora con licencia acompa\u00f1\u00f3 a Mauricio Vila Dosal, candidato a la alcald\u00eda de M\u00e9rida, en la inauguraci\u00f3n de su casa de campa\u00f1a en un local de la prolongaci\u00f3n del Paseo de Montejo.Despu\u00e9s,&nbsp;<a href=\"x-apple-data-detectors:\/\/1\" x-apple-data-detectors=\"true\" x-apple-data-detectors-type=\"calendar-event\" x-apple-data-detectors-result=\"1\">a las 8:30<\/a>&nbsp;de la ma\u00f1ana, Paloma particip\u00f3 en la pinta simb\u00f3lica de su primera barda un predio ubicado en la&nbsp;<a href=\"x-apple-data-detectors:\/\/2\" x-apple-data-detectors=\"true\" x-apple-data-detectors-type=\"address\" x-apple-data-detectors-result=\"2\">calle 116 con 59<\/a>&nbsp;J de la colonia Boj\u00f3rquez. De inmediato se traslad\u00f3 al cruce de la calle&nbsp;<a href=\"x-apple-data-detectors:\/\/3\" x-apple-data-detectors=\"true\" x-apple-data-detectors-type=\"address\" x-apple-data-detectors-result=\"3\">128 con Av.<\/a>&nbsp;Canek, en donde se llev\u00f3 al cabo un volanteo, en el que tambi\u00e9n participaron los equipos de campa\u00f1a de Vila Dosal y de C\u00e9sar Boj\u00f3rquez Zapata, candidato a diputado por el distrito federal 3. Finalmente Paloma reparti\u00f3 volantes la Av. Itz\u00e1ez, a la altura del Parque del Centenario.En breve pl\u00e1tica con algunos ciudadanos la aspirante dijo: \u00abTodos quienes vivimos en este Estado y en M\u00e9rida, &nbsp;tenemos el derecho de contar con mejores oportunidades para superarnos en lo econ\u00f3mico y para vivir en una ciudad todav\u00eda m\u00e1s segura\u201d.Agreg\u00f3 que su campa\u00f1a tendr\u00e1 dos caracter\u00edsticas: ser\u00e1 alegre y propositiva, y pugnar\u00e1 por la participaci\u00f3n de la gente para enriquecer su propuesta de agenda legislativa.La campa\u00f1a se inici\u00f3 con mucho entusiasmo, alegr\u00eda y con buena aceptaci\u00f3n de la gente con la que interactu\u00f3.Ma\u00f1ana, a partir de las 9 de la ma\u00f1ana, Paloma har\u00e1 un amplio recorrido y visitar\u00e1 casa por casa a los ciudadanos del Distrito 3 local, con quienes mantendr\u00e1 un di\u00e1logo abierto e incluyente.<b style=\"background-color: rgba(255, 255, 255, 0);\">\u00bfQui\u00e9n es Paloma?<\/b>En su volante, la candidata da a conocer que es madre de familia, cuenta con 41 a\u00f1os de edad, tiene 17 a\u00f1os de experiencia en el servicio p\u00fablico y es universitaria con t\u00edtulo de licenciada en derecho y estudios de maestr\u00eda en Econom\u00eda y Administraci\u00f3n.<\/p>\n<div class=\"separator\" style=\"clear: both;\"><a href=\"https:\/\/lh5.googleusercontent.com\/-S95gOgctTPI\/VSGWQ7EQiSI\/AAAAAAAAnO0\/DYIrFzeXjHI\/s640\/blogger-image--1094552214.jpg\" imageanchor=\"1\" style=\"margin-left: 1em; margin-right: 1em;\"><img decoding=\"async\" border=\"0\" src=\"https:\/\/lh5.googleusercontent.com\/-S95gOgctTPI\/VSGWQ7EQiSI\/AAAAAAAAnO0\/DYIrFzeXjHI\/s640\/blogger-image--1094552214.jpg\"><\/a><\/div>\n<p>&nbsp;<\/p>\n","protected":false},"excerpt":{"rendered":"<p>COMUNICADOMERIDA, Yucat\u00e1n, a 05 de abril de 2015.&nbsp;\u201cCon\u00f3ceme bien para que luego vayas a verme al Congreso y compruebes que s\u00ed voy a trabajar para ustedes\u201d, expres\u00f3 a varios ciudadanos<\/p>\n","protected":false},"author":1,"featured_media":11387,"comment_status":"open","ping_status":"open","sticky":false,"template":"","format":"standard","meta":{"jetpack_post_was_ever_published":false,"_jetpack_newsletter_access":"","_jetpack_dont_email_post_to_subs":false,"_jetpack_newsletter_tier_id":0,"_jetpack_memberships_contains_paywalled_content":false,"_jetpack_memberships_contains_paid_content":false,"footnotes":"","jetpack_publicize_message":"","jetpack_publicize_feature_enabled":true,"jetpack_social_post_already_shared":false,"jetpack_social_options":{"image_generator_settings":{"template":"highway","default_image_id":0,"font":"","enabled":false},"version":2}},"categories":[17,1],"tags":[],"class_list":["post-664","post","type-post","status-publish","format-standard","has-post-thumbnail","hentry","category-politica-y-gobierno","category-sin-categoria"],"jetpack_publicize_connections":[],"jetpack_featured_media_url":"https:\/\/formalprision.com\/wp-content\/uploads\/2015\/04\/blogger-image-1094552214.jpg","jetpack_sharing_enabled":true,"jetpack_shortlink":"https:\/\/wp.me\/p6id8p-aI","_links":{"self":[{"href":"https:\/\/formalprision.com\/index.php?rest_route=\/wp\/v2\/posts\/664","targetHints":{"allow":["GET"]}}],"collection":[{"href":"https:\/\/formalprision.com\/index.php?rest_route=\/wp\/v2\/posts"}],"about":[{"href":"https:\/\/formalprision.com\/index.php?rest_route=\/wp\/v2\/types\/post"}],"author":[{"embeddable":true,"href":"https:\/\/formalprision.com\/index.php?rest_route=\/wp\/v2\/users\/1"}],"replies":[{"embeddable":true,"href":"https:\/\/formalprision.com\/index.php?rest_route=%2Fwp%2Fv2%2Fcomments&post=664"}],"version-history":[{"count":0,"href":"https:\/\/formalprision.com\/index.php?rest_route=\/wp\/v2\/posts\/664\/revisions"}],"wp:featuredmedia":[{"embeddable":true,"href":"https:\/\/formalprision.com\/index.php?rest_route=\/wp\/v2\/media\/11387"}],"wp:attachment":[{"href":"https:\/\/formalprision.com\/index.php?rest_route=%2Fwp%2Fv2%2Fmedia&parent=664"}],"wp:term":[{"taxonomy":"category","embeddable":true,"href":"https:\/\/formalprision.com\/index.php?rest_route=%2Fwp%2Fv2%2Fcategories&post=664"},{"taxonomy":"post_tag","embeddable":true,"href":"https:\/\/formalprision.com\/index.php?rest_route=%2Fwp%2Fv2%2Ftags&post=664"}],"curies":[{"name":"wp","href":"https:\/\/api.w.org\/{rel}","templated":true}]}}