{"id":6645,"date":"2012-08-02T22:30:00","date_gmt":"2012-08-02T22:30:00","guid":{"rendered":"http:\/\/formalprision.info\/2012\/08\/02\/cae-de-un-andamio-de-6-metros-gira-como\/"},"modified":"2015-06-03T08:50:49","modified_gmt":"2015-06-03T08:50:49","slug":"cae-de-un-andamio-de-6-metros-gira-como","status":"publish","type":"post","link":"https:\/\/formalprision.com\/?p=6645","title":{"rendered":"Cae de un andamio de 6 metros, gira como los gatos y aterriza parado"},"content":{"rendered":"<p><\/p>\n<div class=\"separator\" style=\"clear: both; text-align: center;\"><a href=\"http:\/\/formalprision.com\/wp-content\/uploads\/2012\/08\/aaagatos.jpg\" imageanchor=\"1\" style=\"margin-left: 1em; margin-right: 1em;\"><img decoding=\"async\" border=\"0\" src=\"http:\/\/formalprision.com\/wp-content\/uploads\/2012\/08\/aaagatos.jpg\" \/><\/a><\/div>\n<div class=\"ecxmsoplaintext\" style=\"background: white; text-align: justify;\">Una r\u00e1faga de viento hizo caer a un trabajador desde un andamio de seis metros de altura.<\/div>\n<div class=\"ecxmsoplaintext\" style=\"background: white; text-align: justify;\">Melchor Medina Carrillo, de 42 a\u00f1os de edad y vecino de la colonia Las \u00c1guilas, tuvo que ser hospitalizado en la Cl\u00ednica T-1 del IMSS.<\/div>\n<div class=\"ecxmsoplaintext\" style=\"background: white; text-align: justify;\">El herido se lesion\u00f3 un tobillo porque, como los gatos, cuando ca\u00eda, dio un giro en el aire y cay\u00f3 parado.<\/div>\n<div class=\"ecxmsoplaintext\" style=\"background: white; text-align: justify;\">El dijo que se encontraba laborando como \u201cmonta\u00f1ista de aluminio\u201d en una blockera ubicada en Um\u00e1n, y al estar en un andamio a una altura de seis metros, debido al viento, se cay\u00f3.<\/div>\n<div class=\"ecxmsoplaintext\" style=\"background: white; text-align: justify;\">Fue auxiliado y llevado al hospital, donde se informa que presenta fractura en el tobillo izquierdo., pues cay\u00f3 parado.&nbsp;<\/div>\n","protected":false},"excerpt":{"rendered":"<p>Una r\u00e1faga de viento hizo caer a un trabajador desde un andamio de seis metros de altura. Melchor Medina Carrillo, de 42 a\u00f1os de edad y vecino de la colonia<\/p>\n","protected":false},"author":1,"featured_media":23391,"comment_status":"open","ping_status":"open","sticky":false,"template":"","format":"standard","meta":{"jetpack_post_was_ever_published":false,"_jetpack_newsletter_access":"","_jetpack_dont_email_post_to_subs":false,"_jetpack_newsletter_tier_id":0,"_jetpack_memberships_contains_paywalled_content":false,"_jetpack_memberships_contains_paid_content":false,"footnotes":"","jetpack_publicize_message":"","jetpack_publicize_feature_enabled":true,"jetpack_social_post_already_shared":false,"jetpack_social_options":{"image_generator_settings":{"template":"highway","default_image_id":0,"font":"","enabled":false},"version":2}},"categories":[50,3,1],"tags":[],"class_list":["post-6645","post","type-post","status-publish","format-standard","has-post-thumbnail","hentry","category-machines","category-portada","category-sin-categoria"],"jetpack_publicize_connections":[],"jetpack_featured_media_url":"https:\/\/formalprision.com\/wp-content\/uploads\/2012\/08\/aaagatos.jpg","jetpack_sharing_enabled":true,"jetpack_shortlink":"https:\/\/wp.me\/p6id8p-1Jb","_links":{"self":[{"href":"https:\/\/formalprision.com\/index.php?rest_route=\/wp\/v2\/posts\/6645","targetHints":{"allow":["GET"]}}],"collection":[{"href":"https:\/\/formalprision.com\/index.php?rest_route=\/wp\/v2\/posts"}],"about":[{"href":"https:\/\/formalprision.com\/index.php?rest_route=\/wp\/v2\/types\/post"}],"author":[{"embeddable":true,"href":"https:\/\/formalprision.com\/index.php?rest_route=\/wp\/v2\/users\/1"}],"replies":[{"embeddable":true,"href":"https:\/\/formalprision.com\/index.php?rest_route=%2Fwp%2Fv2%2Fcomments&post=6645"}],"version-history":[{"count":0,"href":"https:\/\/formalprision.com\/index.php?rest_route=\/wp\/v2\/posts\/6645\/revisions"}],"wp:featuredmedia":[{"embeddable":true,"href":"https:\/\/formalprision.com\/index.php?rest_route=\/wp\/v2\/media\/23391"}],"wp:attachment":[{"href":"https:\/\/formalprision.com\/index.php?rest_route=%2Fwp%2Fv2%2Fmedia&parent=6645"}],"wp:term":[{"taxonomy":"category","embeddable":true,"href":"https:\/\/formalprision.com\/index.php?rest_route=%2Fwp%2Fv2%2Fcategories&post=6645"},{"taxonomy":"post_tag","embeddable":true,"href":"https:\/\/formalprision.com\/index.php?rest_route=%2Fwp%2Fv2%2Ftags&post=6645"}],"curies":[{"name":"wp","href":"https:\/\/api.w.org\/{rel}","templated":true}]}}