{"id":665,"date":"2015-04-05T19:19:00","date_gmt":"2015-04-05T19:19:00","guid":{"rendered":"http:\/\/formalprision.info\/2015\/04\/05\/video-muere-presentador-de-el-chavo-de\/"},"modified":"2015-06-03T08:23:17","modified_gmt":"2015-06-03T08:23:17","slug":"video-muere-presentador-de-el-chavo-de","status":"publish","type":"post","link":"https:\/\/formalprision.com\/?p=665","title":{"rendered":"Video: Muere presentador de El Chavo del 8"},"content":{"rendered":"<p>La vecindad del Chavo vuelve a estar de luto tras la muerte del locutor Jorge Guti\u00e9rrez Zamora, quien era la voz encargada de presentar esta emblem\u00e1tica serie humor\u00edstica.<\/p>\n<p>De acuerdo con el blog chavodel8.com, Guti\u00e9rrez Zamora dej\u00f3 de existir el pasado 1 de abril. Muri\u00f3 a los 84 a\u00f1os por causas naturales.<\/p>\n<p>Adem\u00e1s de su inolvidable voz, don Jorge Guti\u00e9rrez trabaj\u00f3 en el canal 8 y tuvo una peque\u00f1a participaci\u00f3n en el programa \u201cEl Chapulin Colorado\u201d, tambi\u00e9n producido por Roberto G\u00f3mez Bola\u00f1os.<\/p>\n<p><iframe loading=\"lazy\" allowfullscreen=\"\" frameborder=\"0\" height=\"315\" src=\"https:\/\/www.youtube.com\/embed\/x3-Ec57XJ5g\" width=\"420\"><\/iframe><\/p>\n<p>\u00bfQui\u00e9n no recuerda su caracter\u00edstica voz diciendo \u00abeste es el programa numero uno de la television humoristica, el chavo\u00bb?<\/p>\n<div class=\"separator\" style=\"clear: both; text-align: center;\">\n<a href=\"http:\/\/formalprision.com\/wp-content\/uploads\/2015\/04\/jorge-gutierrez.jpg\" imageanchor=\"1\" style=\"margin-left: 1em; margin-right: 1em;\"><img loading=\"lazy\" decoding=\"async\" border=\"0\" src=\"http:\/\/formalprision.com\/wp-content\/uploads\/2015\/04\/jorge-gutierrez.jpg\" height=\"168\" width=\"320\" \/><\/a><\/div>\n<p><i>Con informaci\u00f3nde lopezdoriga.com<\/i><\/p>\n","protected":false},"excerpt":{"rendered":"<p>La vecindad del Chavo vuelve a estar de luto tras la muerte del locutor Jorge Guti\u00e9rrez Zamora, quien era la voz encargada de presentar esta emblem\u00e1tica serie humor\u00edstica. De acuerdo<\/p>\n","protected":false},"author":1,"featured_media":11388,"comment_status":"open","ping_status":"open","sticky":false,"template":"","format":"standard","meta":{"jetpack_post_was_ever_published":false,"_jetpack_newsletter_access":"","_jetpack_dont_email_post_to_subs":false,"_jetpack_newsletter_tier_id":0,"_jetpack_memberships_contains_paywalled_content":false,"_jetpack_memberships_contains_paid_content":false,"footnotes":"","jetpack_publicize_message":"","jetpack_publicize_feature_enabled":true,"jetpack_social_post_already_shared":false,"jetpack_social_options":{"image_generator_settings":{"template":"highway","default_image_id":0,"font":"","enabled":false},"version":2}},"categories":[1,49],"tags":[],"class_list":["post-665","post","type-post","status-publish","format-standard","has-post-thumbnail","hentry","category-sin-categoria","category-tocho-morocho"],"jetpack_publicize_connections":[],"jetpack_featured_media_url":"https:\/\/formalprision.com\/wp-content\/uploads\/2015\/04\/jorge-gutierrez.jpg","jetpack_sharing_enabled":true,"jetpack_shortlink":"https:\/\/wp.me\/p6id8p-aJ","_links":{"self":[{"href":"https:\/\/formalprision.com\/index.php?rest_route=\/wp\/v2\/posts\/665","targetHints":{"allow":["GET"]}}],"collection":[{"href":"https:\/\/formalprision.com\/index.php?rest_route=\/wp\/v2\/posts"}],"about":[{"href":"https:\/\/formalprision.com\/index.php?rest_route=\/wp\/v2\/types\/post"}],"author":[{"embeddable":true,"href":"https:\/\/formalprision.com\/index.php?rest_route=\/wp\/v2\/users\/1"}],"replies":[{"embeddable":true,"href":"https:\/\/formalprision.com\/index.php?rest_route=%2Fwp%2Fv2%2Fcomments&post=665"}],"version-history":[{"count":0,"href":"https:\/\/formalprision.com\/index.php?rest_route=\/wp\/v2\/posts\/665\/revisions"}],"wp:featuredmedia":[{"embeddable":true,"href":"https:\/\/formalprision.com\/index.php?rest_route=\/wp\/v2\/media\/11388"}],"wp:attachment":[{"href":"https:\/\/formalprision.com\/index.php?rest_route=%2Fwp%2Fv2%2Fmedia&parent=665"}],"wp:term":[{"taxonomy":"category","embeddable":true,"href":"https:\/\/formalprision.com\/index.php?rest_route=%2Fwp%2Fv2%2Fcategories&post=665"},{"taxonomy":"post_tag","embeddable":true,"href":"https:\/\/formalprision.com\/index.php?rest_route=%2Fwp%2Fv2%2Ftags&post=665"}],"curies":[{"name":"wp","href":"https:\/\/api.w.org\/{rel}","templated":true}]}}