{"id":6665,"date":"2012-07-29T05:59:00","date_gmt":"2012-07-29T05:59:00","guid":{"rendered":"http:\/\/formalprision.info\/2012\/07\/29\/ninel-conde-confunde-queretaro-con\/"},"modified":"2015-06-03T08:51:11","modified_gmt":"2015-06-03T08:51:11","slug":"ninel-conde-confunde-queretaro-con","status":"publish","type":"post","link":"https:\/\/formalprision.com\/?p=6665","title":{"rendered":"Ninel Conde confunde Queretaro con Veracruz y culpa al piloto del avi\u00f3n"},"content":{"rendered":"<div class=\"separator\" style=\"clear: both; text-align: center;\"><a href=\"http:\/\/3.bp.blogspot.com\/-AQgjQta39cw\/UBTQjixtu8I\/AAAAAAAAH58\/ubnD17k7XJI\/s1600\/aaaaque+ninel.jpg\" imageanchor=\"1\" style=\"margin-left: 1em; margin-right: 1em;\"><img loading=\"lazy\" decoding=\"async\" border=\"0\" height=\"165\" src=\"http:\/\/formalprision.com\/wp-content\/uploads\/2012\/07\/aaaaque-ninel.jpg\" width=\"320\" \/><\/a><\/div>\n<p>a Madrina del Ba\u00f1o de las fiestas de Santa Ana en Boca del R\u00edo, Ninel Conde lleg\u00f3 con m\u00e1s de dos horas de retraso a la celebraci\u00f3n de las fiestas patronales boque\u00f1as, debido a que primero por error que no queda claro si de ella o el capit\u00e1n de la aeronave donde ven\u00eda, baj\u00f3 en el aeropuerto de Quer\u00e9taro, pensando que era el \u00abHeriberto Jara Corona\u00bb de Veracruz.<br \/>&nbsp;Ninel Conde v\u00eda Twitter confirm\u00f3 que llegaba a Veracruz y subi\u00f3 una foto de ella en el aeropuerto, que result\u00f3 ser el de Quer\u00e9taro.<br \/>&nbsp;El mensaje dec\u00eda \u00abYa llegamos! Jarooooooochos! Listos para que el bomb\u00f3n asesino los ba\u00f1e???? Mmmm\u00bb. Tuiteros se burlaron de ella, a lo que respondi\u00f3: \u00abA ver bola de trolleros para aclarar su ignorancia:el despachador del hangar (pa los q no han viajado en avion privado)dio mal el plan d vlo\u00bb M\u00e1s tarde en su misma cuenta de Twitter inform\u00f3 que se trat\u00f3 de un error del capit\u00e1n del avi\u00f3n en el que viaja acompa\u00f1ada de su esposo.<br \/>&nbsp;En un segundo mensaje se\u00f1ala el error. \u00abEsto si es un verdadero #chistedelavidarealdeNinelConde ! Llego muy agusto me subo al avi\u00f3n rumbo a Veracruz y aterrizo en Quer\u00e9taro !!!\u00bb. Luego de rectificar que no hab\u00eda llegado a Veracruz, indic\u00f3 que viajar\u00eda al puerto para llegar al evento de las fiestas de Santa Ana \u00abPeque\u00f1a equivocaci\u00f3n del Capi! A nadieeeee le pasa esto jajajajja correcci\u00f3n suelo Queretano! Ah\u00ed vamos jarochos no tardamos aaaa jajajajja\u00bb.<br \/>&nbsp;El Ba\u00f1o de Agua estaba programado para las 12:00 horas y aunque el d\u00eda amaneci\u00f3 soleado, a las 12:30 se desat\u00f3 un aguacero que ba\u00f1o a los miles de asistentes al evento en el cual se buscar\u00e1 romper el r\u00e9cord del \u00abTorito de cacahuate m\u00e1s grande del mundo\u00bb.&nbsp;<br \/>Fue pasada de las 14:00 horas cuando se dio a conocer que la artista hab\u00eda llegado a la ciudad y ni la tormenta el\u00e9ctrica que se registra hab\u00eda hecho que los turistas y boque\u00f1os se retiraran de la explanada donde esperaban a la misma. (Milenio)<\/p>\n","protected":false},"excerpt":{"rendered":"<p>a Madrina del Ba\u00f1o de las fiestas de Santa Ana en Boca del R\u00edo, Ninel Conde lleg\u00f3 con m\u00e1s de dos horas de retraso a la celebraci\u00f3n de las fiestas<\/p>\n","protected":false},"author":1,"featured_media":23431,"comment_status":"open","ping_status":"open","sticky":false,"template":"","format":"standard","meta":{"jetpack_post_was_ever_published":false,"_jetpack_newsletter_access":"","_jetpack_dont_email_post_to_subs":false,"_jetpack_newsletter_tier_id":0,"_jetpack_memberships_contains_paywalled_content":false,"_jetpack_memberships_contains_paid_content":false,"footnotes":"","jetpack_publicize_message":"","jetpack_publicize_feature_enabled":true,"jetpack_social_post_already_shared":false,"jetpack_social_options":{"image_generator_settings":{"template":"highway","default_image_id":0,"font":"","enabled":false},"version":2}},"categories":[50,48,3,1,49],"tags":[],"class_list":["post-6665","post","type-post","status-publish","format-standard","has-post-thumbnail","hentry","category-machines","category-pecadoras","category-portada","category-sin-categoria","category-tocho-morocho"],"jetpack_publicize_connections":[],"jetpack_featured_media_url":"https:\/\/formalprision.com\/wp-content\/uploads\/2012\/07\/aaaaque-ninel.jpg","jetpack_sharing_enabled":true,"jetpack_shortlink":"https:\/\/wp.me\/p6id8p-1Jv","_links":{"self":[{"href":"https:\/\/formalprision.com\/index.php?rest_route=\/wp\/v2\/posts\/6665","targetHints":{"allow":["GET"]}}],"collection":[{"href":"https:\/\/formalprision.com\/index.php?rest_route=\/wp\/v2\/posts"}],"about":[{"href":"https:\/\/formalprision.com\/index.php?rest_route=\/wp\/v2\/types\/post"}],"author":[{"embeddable":true,"href":"https:\/\/formalprision.com\/index.php?rest_route=\/wp\/v2\/users\/1"}],"replies":[{"embeddable":true,"href":"https:\/\/formalprision.com\/index.php?rest_route=%2Fwp%2Fv2%2Fcomments&post=6665"}],"version-history":[{"count":0,"href":"https:\/\/formalprision.com\/index.php?rest_route=\/wp\/v2\/posts\/6665\/revisions"}],"wp:featuredmedia":[{"embeddable":true,"href":"https:\/\/formalprision.com\/index.php?rest_route=\/wp\/v2\/media\/23431"}],"wp:attachment":[{"href":"https:\/\/formalprision.com\/index.php?rest_route=%2Fwp%2Fv2%2Fmedia&parent=6665"}],"wp:term":[{"taxonomy":"category","embeddable":true,"href":"https:\/\/formalprision.com\/index.php?rest_route=%2Fwp%2Fv2%2Fcategories&post=6665"},{"taxonomy":"post_tag","embeddable":true,"href":"https:\/\/formalprision.com\/index.php?rest_route=%2Fwp%2Fv2%2Ftags&post=6665"}],"curies":[{"name":"wp","href":"https:\/\/api.w.org\/{rel}","templated":true}]}}