{"id":6676,"date":"2012-07-26T21:30:00","date_gmt":"2012-07-26T21:30:00","guid":{"rendered":"http:\/\/formalprision.info\/2012\/07\/26\/se-ensarta-la-lanza-de-una-reja-cuando\/"},"modified":"2015-06-03T08:51:13","modified_gmt":"2015-06-03T08:51:13","slug":"se-ensarta-la-lanza-de-una-reja-cuando","status":"publish","type":"post","link":"https:\/\/formalprision.com\/?p=6676","title":{"rendered":"Se ensarta la lanza de una reja cuando hac\u00eda trabajos de alba\u00f1iler\u00eda"},"content":{"rendered":"<p><\/p>\n<div class=\"separator\" style=\"clear: both; text-align: center;\"><a href=\"http:\/\/2.bp.blogspot.com\/-XiRbPWE68-o\/UBDrRE-5SEI\/AAAAAAAAHxw\/Pwj_RVxijXQ\/s1600\/aaaapiezasodente.jpg\" imageanchor=\"1\" style=\"margin-left: 1em; margin-right: 1em;\"><img loading=\"lazy\" decoding=\"async\" border=\"0\" height=\"249\" src=\"http:\/\/formalprision.com\/wp-content\/uploads\/2012\/07\/aaaapiezasodente.jpg\" width=\"320\" \/><\/a><\/div>\n<div class=\"ecxmsoplaintext\" style=\"background: white; text-align: justify;\">El alba\u00f1il Vidal Chan Yam, de 33 a\u00f1os de edad, result\u00f3 herido al clav\u00e1rsele la lanza de una reja en el pie.<\/div>\n<div class=\"ecxmsoplaintext\" style=\"background: white; text-align: justify;\">El alarife, oriundo de Tekax, se encontraba trabajando en un obra en construcci\u00f3n en M\u00e9rida y al estar parado sobre una escalera, \u00e9sta se movi\u00f3, por lo que cay\u00f3 al vac\u00edo.<\/div>\n<div class=\"ecxmsoplaintext\" style=\"background: white; text-align: justify;\">Para evitar llegar al suelo, se impuls\u00f3 un poco, pero al tratar de apoyarse en parte del techo, una punta de lanza de una reja de herrer\u00eda se le incrust\u00f3 en el pie derecho.<\/div>\n<div class=\"ecxmsoplaintext\" style=\"background: white; text-align: justify;\">Fue llevado al Hospital Ohor\u00e1n porque parte de la lanza qued\u00f3 alojada dentro de su planta.<\/div>\n<div class=\"MsoNormal\"><\/div>\n","protected":false},"excerpt":{"rendered":"<p>El alba\u00f1il Vidal Chan Yam, de 33 a\u00f1os de edad, result\u00f3 herido al clav\u00e1rsele la lanza de una reja en el pie. El alarife, oriundo de Tekax, se encontraba trabajando<\/p>\n","protected":false},"author":1,"featured_media":23451,"comment_status":"open","ping_status":"open","sticky":false,"template":"","format":"standard","meta":{"jetpack_post_was_ever_published":false,"_jetpack_newsletter_access":"","_jetpack_dont_email_post_to_subs":false,"_jetpack_newsletter_tier_id":0,"_jetpack_memberships_contains_paywalled_content":false,"_jetpack_memberships_contains_paid_content":false,"footnotes":"","jetpack_publicize_message":"","jetpack_publicize_feature_enabled":true,"jetpack_social_post_already_shared":false,"jetpack_social_options":{"image_generator_settings":{"template":"highway","default_image_id":0,"font":"","enabled":false},"version":2}},"categories":[50,3,1],"tags":[],"class_list":["post-6676","post","type-post","status-publish","format-standard","has-post-thumbnail","hentry","category-machines","category-portada","category-sin-categoria"],"jetpack_publicize_connections":[],"jetpack_featured_media_url":"https:\/\/formalprision.com\/wp-content\/uploads\/2012\/07\/aaaapiezasodente.jpg","jetpack_sharing_enabled":true,"jetpack_shortlink":"https:\/\/wp.me\/p6id8p-1JG","_links":{"self":[{"href":"https:\/\/formalprision.com\/index.php?rest_route=\/wp\/v2\/posts\/6676","targetHints":{"allow":["GET"]}}],"collection":[{"href":"https:\/\/formalprision.com\/index.php?rest_route=\/wp\/v2\/posts"}],"about":[{"href":"https:\/\/formalprision.com\/index.php?rest_route=\/wp\/v2\/types\/post"}],"author":[{"embeddable":true,"href":"https:\/\/formalprision.com\/index.php?rest_route=\/wp\/v2\/users\/1"}],"replies":[{"embeddable":true,"href":"https:\/\/formalprision.com\/index.php?rest_route=%2Fwp%2Fv2%2Fcomments&post=6676"}],"version-history":[{"count":0,"href":"https:\/\/formalprision.com\/index.php?rest_route=\/wp\/v2\/posts\/6676\/revisions"}],"wp:featuredmedia":[{"embeddable":true,"href":"https:\/\/formalprision.com\/index.php?rest_route=\/wp\/v2\/media\/23451"}],"wp:attachment":[{"href":"https:\/\/formalprision.com\/index.php?rest_route=%2Fwp%2Fv2%2Fmedia&parent=6676"}],"wp:term":[{"taxonomy":"category","embeddable":true,"href":"https:\/\/formalprision.com\/index.php?rest_route=%2Fwp%2Fv2%2Fcategories&post=6676"},{"taxonomy":"post_tag","embeddable":true,"href":"https:\/\/formalprision.com\/index.php?rest_route=%2Fwp%2Fv2%2Ftags&post=6676"}],"curies":[{"name":"wp","href":"https:\/\/api.w.org\/{rel}","templated":true}]}}