{"id":6679,"date":"2012-07-26T14:00:00","date_gmt":"2012-07-26T14:00:00","guid":{"rendered":"http:\/\/formalprision.info\/2012\/07\/26\/a-la-carcel-por-pegarle-padre-e-hijo\/"},"modified":"2015-06-03T08:51:14","modified_gmt":"2015-06-03T08:51:14","slug":"a-la-carcel-por-pegarle-padre-e-hijo","status":"publish","type":"post","link":"https:\/\/formalprision.com\/?p=6679","title":{"rendered":"A la c\u00e1rcel por pegarle a padre e hijo"},"content":{"rendered":"<p><\/p>\n<div class=\"separator\" style=\"clear: both; text-align: center;\"><a href=\"http:\/\/2.bp.blogspot.com\/--C2D8LfxOg0\/UBDkaZRQwXI\/AAAAAAAAHxQ\/cNlaxxkzDj8\/s1600\/aaalvecinos.jpg\" imageanchor=\"1\" style=\"margin-left: 1em; margin-right: 1em;\"><img loading=\"lazy\" decoding=\"async\" border=\"0\" height=\"213\" src=\"http:\/\/formalprision.com\/wp-content\/uploads\/2012\/07\/aaalvecinos.jpg\" width=\"320\" \/><\/a><\/div>\n<div class=\"ecxMsoNormal\" style=\"line-height: 150%; text-align: justify;\">Agentes de la Polic\u00eda Ministerial  detuvieron a <b>Juan Pablo Pech Le\u00f3n<\/b>, de 26 a\u00f1os de edad, quien fue acusado de golpear a su vecino &nbsp;Pedro Eustaquio Becomo  Garc\u00eda.<\/div>\n<div class=\"ecxMsoNormal\" style=\"text-align: justify;\">&nbsp;De acuerdo con la denuncia del afectado, cuando \u00e9ste intervino en una pelea que Pech Le\u00f3n ten\u00eda con su hijo,  fue agredido f\u00edsicamente por el inculpado, quien junto con otra persona le  ocasion\u00f3 lesiones en diversas partes del cuerpo.<\/div>\n<div class=\"ecxMsoNormal\" style=\"text-align: justify;\">Se indica en el expediente que los  hechos se registraron el 1\u00ba de mayo del 2010, cuando el denunciante se  encontraba en su domicilio, ubicado en el fraccionamiento Manzana 115, y unos  vecinos le dijeron que le estaban pegando a su hijo, por lo que al salir a la  calle y constatar los hechos, intervino para separar a su hijo, pero \u00e9l tambi\u00e9n  fue agredido a golpes.<\/div>\n<div class=\"ecxMsoNormal\" style=\"text-align: justify;\">Debido al ataque, el afectado result\u00f3  con lesiones en el rostro y brazos, que de acuerdo con los dict\u00e1menes periciales  tardaban en sanar m\u00e1s de quince d\u00edas, por lo que interpuso la denuncia penal  correspondiente que deriv\u00f3 en la orden de aprehensi\u00f3n en contra de Pech  Le\u00f3n.<\/div>\n<div class=\"ecxMsoNormal\" style=\"text-align: justify;\"><\/div>\n<div class=\"ecxMsoNormal\" style=\"line-height: 150%; text-align: justify;\">Tras ser detenido en la calle 66-D por  97 del fraccionamiento Manzana 115, Juan Pablo Pech Le\u00f3n fue remitido al Centro  de Reinserci\u00f3n Social del Estado a disposici\u00f3n del juez que lleva el  caso.<\/div>\n","protected":false},"excerpt":{"rendered":"<p>Agentes de la Polic\u00eda Ministerial detuvieron a Juan Pablo Pech Le\u00f3n, de 26 a\u00f1os de edad, quien fue acusado de golpear a su vecino &nbsp;Pedro Eustaquio Becomo Garc\u00eda. &nbsp;De acuerdo<\/p>\n","protected":false},"author":1,"featured_media":23457,"comment_status":"open","ping_status":"open","sticky":false,"template":"","format":"standard","meta":{"jetpack_post_was_ever_published":false,"_jetpack_newsletter_access":"","_jetpack_dont_email_post_to_subs":false,"_jetpack_newsletter_tier_id":0,"_jetpack_memberships_contains_paywalled_content":false,"_jetpack_memberships_contains_paid_content":false,"footnotes":"","jetpack_publicize_message":"","jetpack_publicize_feature_enabled":true,"jetpack_social_post_already_shared":false,"jetpack_social_options":{"image_generator_settings":{"template":"highway","default_image_id":0,"font":"","enabled":false},"version":2}},"categories":[50,3,1],"tags":[],"class_list":["post-6679","post","type-post","status-publish","format-standard","has-post-thumbnail","hentry","category-machines","category-portada","category-sin-categoria"],"jetpack_publicize_connections":[],"jetpack_featured_media_url":"https:\/\/formalprision.com\/wp-content\/uploads\/2012\/07\/aaalvecinos.jpg","jetpack_sharing_enabled":true,"jetpack_shortlink":"https:\/\/wp.me\/p6id8p-1JJ","_links":{"self":[{"href":"https:\/\/formalprision.com\/index.php?rest_route=\/wp\/v2\/posts\/6679","targetHints":{"allow":["GET"]}}],"collection":[{"href":"https:\/\/formalprision.com\/index.php?rest_route=\/wp\/v2\/posts"}],"about":[{"href":"https:\/\/formalprision.com\/index.php?rest_route=\/wp\/v2\/types\/post"}],"author":[{"embeddable":true,"href":"https:\/\/formalprision.com\/index.php?rest_route=\/wp\/v2\/users\/1"}],"replies":[{"embeddable":true,"href":"https:\/\/formalprision.com\/index.php?rest_route=%2Fwp%2Fv2%2Fcomments&post=6679"}],"version-history":[{"count":0,"href":"https:\/\/formalprision.com\/index.php?rest_route=\/wp\/v2\/posts\/6679\/revisions"}],"wp:featuredmedia":[{"embeddable":true,"href":"https:\/\/formalprision.com\/index.php?rest_route=\/wp\/v2\/media\/23457"}],"wp:attachment":[{"href":"https:\/\/formalprision.com\/index.php?rest_route=%2Fwp%2Fv2%2Fmedia&parent=6679"}],"wp:term":[{"taxonomy":"category","embeddable":true,"href":"https:\/\/formalprision.com\/index.php?rest_route=%2Fwp%2Fv2%2Fcategories&post=6679"},{"taxonomy":"post_tag","embeddable":true,"href":"https:\/\/formalprision.com\/index.php?rest_route=%2Fwp%2Fv2%2Ftags&post=6679"}],"curies":[{"name":"wp","href":"https:\/\/api.w.org\/{rel}","templated":true}]}}