{"id":671,"date":"2015-04-03T19:58:00","date_gmt":"2015-04-03T19:58:00","guid":{"rendered":"http:\/\/formalprision.info\/2015\/04\/03\/no-fue-asesinada-la-ancianita-hallada\/"},"modified":"2015-06-03T08:23:18","modified_gmt":"2015-06-03T08:23:18","slug":"no-fue-asesinada-la-ancianita-hallada","status":"publish","type":"post","link":"https:\/\/formalprision.com\/?p=671","title":{"rendered":"No fue asesinada la ancianita hallada muerta en su tienda"},"content":{"rendered":"<div class=\"\" style=\"color: rgba(0, 0, 0, 0.701961); font-family: UICTFontTextStyleBody; font-size: 19px; -webkit-composition-fill-color: rgba(130, 98, 83, 0.0980392);\">La Fiscal\u00eda General del Estado determin\u00f3 que&nbsp;el fallecimiento de la se\u00f1ora Esther Garc\u00eda, de 83 a\u00f1os de edad, fue por un accidente, descartando as\u00ed que se hubiera tratado de un homicidio.<\/div>\n<div class=\"\" style=\"color: rgba(0, 0, 0, 0.701961); font-family: UICTFontTextStyleBody; font-size: 19px; -webkit-composition-fill-color: rgba(130, 98, 83, 0.0980392);\">Seg\u00fan la instituci\u00f3n, la mujer muri\u00f3 asfixiada con su cobertor, tras caer de la hamaca donde se encontraba acostada.<\/div>\n<div class=\"\" style=\"color: rgba(0, 0, 0, 0.701961); font-family: UICTFontTextStyleBody; font-size: 19px; -webkit-composition-fill-color: rgba(130, 98, 83, 0.0980392);\">Peritos criminalistas e investigadores determinaron que la causa de la muerte de la mujer fue por sofocaci\u00f3n debido a obturaci\u00f3n de orificios respiratorios.<\/div>\n<div class=\"\" style=\"color: rgba(0, 0, 0, 0.701961); font-family: UICTFontTextStyleBody; font-size: 19px; -webkit-composition-fill-color: rgba(130, 98, 83, 0.0980392);\">Los investigadores llegaron a la conclusi\u00f3n de que no fue un homicidio luego de hacer una serie de estudios en el lugar de los hechos y comprobar que la fallecida no ten\u00eda huellas de maltrato f\u00edsico.<\/div>\n<div class=\"\" style=\"color: rgba(0, 0, 0, 0.701961); font-family: UICTFontTextStyleBody; font-size: 19px; -webkit-composition-fill-color: rgba(130, 98, 83, 0.0980392);\">Incluso un hijo de la mujer corrobor\u00f3 que no hab\u00edan sido robados dinero, alhajas y otros objetos de valor de su madre y que todo estaba en orden y no se encontraron signos de violencia o forcejeo en el sitio.<\/div>\n<div class=\"\" style=\"color: rgba(0, 0, 0, 0.701961); font-family: UICTFontTextStyleBody; font-size: 19px; -webkit-composition-fill-color: rgba(130, 98, 83, 0.0980392);\">Los vecinos, como suele suceder en estos casos, fueron los que regaron la versi\u00f3n del crimen, perpetrado por un asaltante, incluso afirmaron que la mujer estaba atada de pies y manos.<\/div>\n<div class=\"\" style=\"color: rgba(0, 0, 0, 0.701961); font-family: UICTFontTextStyleBody; font-size: 19px; -webkit-composition-fill-color: rgba(130, 98, 83, 0.0980392);\">La autoridad no sali\u00f3 a tiempo a desmentir la versi\u00f3n, alimentando as\u00ed cualquier clase de conjeturas.<\/div>\n<div class=\"\" style=\"color: rgba(0, 0, 0, 0.701961); font-family: UICTFontTextStyleBody; font-size: 19px; -webkit-composition-fill-color: rgba(130, 98, 83, 0.0980392);\">Ahora, la Fiscal\u00eda expone que la muerte fue por accidente y de acuerdo a sus primeras indagaciones, se supo que la mujer padec\u00eda ataques epil\u00e9pticos y ya hab\u00eda cerrado su tienda.<\/div>\n<div class=\"\" style=\"color: rgba(0, 0, 0, 0.701961); font-family: UICTFontTextStyleBody; font-size: 19px; -webkit-composition-fill-color: rgba(130, 98, 83, 0.0980392);\">Todo indica que sufri\u00f3 un ataque cuando estaba en la hamaca y al caer, el cobertor con el que acostumbraba envolverse, le tap\u00f3 la cara con los movimientos incontrolables de la epilepsia y falleci\u00f3 sofocada.<\/div>\n<div class=\"\" style=\"color: rgba(0, 0, 0, 0.701961); font-family: UICTFontTextStyleBody; font-size: 19px; -webkit-composition-fill-color: rgba(130, 98, 83, 0.0980392);\">El cuerpo fue encontrado alrededor de una hora despu\u00e9s por una persona que trabaja como vigilante y que renta un cuartito al fondo del inmueble.<\/div>\n<div class=\"\" style=\"color: rgba(0, 0, 0, 0.701961); font-family: UICTFontTextStyleBody; font-size: 19px; -webkit-composition-fill-color: rgba(130, 98, 83, 0.0980392);\">La propietaria del tendej\u00f3n \u201cEl Despertar\u201d, ubicado en la&nbsp;<a href=\"x-apple-data-detectors:\/\/0\" x-apple-data-detectors=\"true\" x-apple-data-detectors-type=\"address\" x-apple-data-detectors-result=\"0\" style=\"background-color: rgba(255, 255, 255, 0);\">calle 60 por 47<\/a>&nbsp;del fraccionamiento Jacinto Canek, fue hallado anteanoche y se habl\u00f3 inicialmente de un homicidio, incluso&nbsp;&nbsp;vecinos de la mujer mencionaron que vieron a un sujeto sospechoso entrar a la tienda y poco despu\u00e9s, al ir una persona a comprar un refresco, se extra\u00f1\u00f3 ver abierto el establecimiento con las luces prendidas y al asomarse, la encontraron muerta en un cuarto cercano, con signos de que hab\u00eda sido atada de los pies.<\/div>\n<div class=\"\" style=\"color: rgba(0, 0, 0, 0.701961); font-family: UICTFontTextStyleBody; font-size: 19px; -webkit-composition-fill-color: rgba(130, 98, 83, 0.0980392);\"><\/div>\n<div class=\"\" style=\"color: rgba(0, 0, 0, 0.701961); font-family: UICTFontTextStyleBody; font-size: 19px; -webkit-composition-fill-color: rgba(130, 98, 83, 0.0980392);\">\n<div class=\"separator\" style=\"clear: both;\"><a href=\"https:\/\/lh6.googleusercontent.com\/-xal_ArZhmek\/VR7xQYYqtKI\/AAAAAAAAnN8\/OzkXF6y0U84\/s640\/blogger-image--1996835220.jpg\" imageanchor=\"1\" style=\"margin-left: 1em; margin-right: 1em;\"><img decoding=\"async\" border=\"0\" src=\"https:\/\/lh6.googleusercontent.com\/-xal_ArZhmek\/VR7xQYYqtKI\/AAAAAAAAnN8\/OzkXF6y0U84\/s640\/blogger-image--1996835220.jpg\"><\/a><\/div>\n<p><\/div>\n","protected":false},"excerpt":{"rendered":"<p>La Fiscal\u00eda General del Estado determin\u00f3 que&nbsp;el fallecimiento de la se\u00f1ora Esther Garc\u00eda, de 83 a\u00f1os de edad, fue por un accidente, descartando as\u00ed que se hubiera tratado de un<\/p>\n","protected":false},"author":1,"featured_media":11401,"comment_status":"open","ping_status":"open","sticky":false,"template":"","format":"standard","meta":{"jetpack_post_was_ever_published":false,"_jetpack_newsletter_access":"","_jetpack_dont_email_post_to_subs":false,"_jetpack_newsletter_tier_id":0,"_jetpack_memberships_contains_paywalled_content":false,"_jetpack_memberships_contains_paid_content":false,"footnotes":"","jetpack_publicize_message":"","jetpack_publicize_feature_enabled":true,"jetpack_social_post_already_shared":false,"jetpack_social_options":{"image_generator_settings":{"template":"highway","default_image_id":0,"font":"","enabled":false},"version":2}},"categories":[7,9,3,1],"tags":[],"class_list":["post-671","post","type-post","status-publish","format-standard","has-post-thumbnail","hentry","category-breves","category-destacadas","category-portada","category-sin-categoria"],"jetpack_publicize_connections":[],"jetpack_featured_media_url":"https:\/\/formalprision.com\/wp-content\/uploads\/2015\/04\/blogger-image-1996835220.jpg","jetpack_sharing_enabled":true,"jetpack_shortlink":"https:\/\/wp.me\/p6id8p-aP","_links":{"self":[{"href":"https:\/\/formalprision.com\/index.php?rest_route=\/wp\/v2\/posts\/671","targetHints":{"allow":["GET"]}}],"collection":[{"href":"https:\/\/formalprision.com\/index.php?rest_route=\/wp\/v2\/posts"}],"about":[{"href":"https:\/\/formalprision.com\/index.php?rest_route=\/wp\/v2\/types\/post"}],"author":[{"embeddable":true,"href":"https:\/\/formalprision.com\/index.php?rest_route=\/wp\/v2\/users\/1"}],"replies":[{"embeddable":true,"href":"https:\/\/formalprision.com\/index.php?rest_route=%2Fwp%2Fv2%2Fcomments&post=671"}],"version-history":[{"count":0,"href":"https:\/\/formalprision.com\/index.php?rest_route=\/wp\/v2\/posts\/671\/revisions"}],"wp:featuredmedia":[{"embeddable":true,"href":"https:\/\/formalprision.com\/index.php?rest_route=\/wp\/v2\/media\/11401"}],"wp:attachment":[{"href":"https:\/\/formalprision.com\/index.php?rest_route=%2Fwp%2Fv2%2Fmedia&parent=671"}],"wp:term":[{"taxonomy":"category","embeddable":true,"href":"https:\/\/formalprision.com\/index.php?rest_route=%2Fwp%2Fv2%2Fcategories&post=671"},{"taxonomy":"post_tag","embeddable":true,"href":"https:\/\/formalprision.com\/index.php?rest_route=%2Fwp%2Fv2%2Ftags&post=671"}],"curies":[{"name":"wp","href":"https:\/\/api.w.org\/{rel}","templated":true}]}}