{"id":6714,"date":"2012-07-18T13:30:00","date_gmt":"2012-07-18T13:30:00","guid":{"rendered":"http:\/\/formalprision.info\/2012\/07\/18\/cae-un-rayo-en-una-casa-y-deja-cuatro\/"},"modified":"2015-06-03T08:51:22","modified_gmt":"2015-06-03T08:51:22","slug":"cae-un-rayo-en-una-casa-y-deja-cuatro","status":"publish","type":"post","link":"https:\/\/formalprision.com\/?p=6714","title":{"rendered":"Cae un rayo en una casa y deja cuatro lesionados en M\u00e9rida"},"content":{"rendered":"<p><\/p>\n<div class=\"separator\" style=\"clear: both; text-align: center;\"><a href=\"http:\/\/formalprision.com\/wp-content\/uploads\/2012\/07\/aaaryado.jpg\" imageanchor=\"1\" style=\"margin-left: 1em; margin-right: 1em;\"><img decoding=\"async\" border=\"0\" src=\"http:\/\/formalprision.com\/wp-content\/uploads\/2012\/07\/aaaryado.jpg\" \/><\/a><\/div>\n<div class=\"MsoNormal\" style=\"background: white; line-height: 19.2pt; margin-bottom: .0001pt; margin-bottom: 0cm; text-align: justify;\">Un rayo que acompa\u00f1\u00f3 la lluvia vespertina de ayer dej\u00f3 cuatro personas lesionadas, 3 de ellas menores de edad, al caer sobre una humilde vivienda al sur de M\u00e9rida.<\/div>\n<div class=\"MsoNormal\" style=\"background: white; line-height: 19.2pt; margin-bottom: .0001pt; margin-bottom: 0cm; text-align: justify;\">El accidente de la naturaleza se registr\u00f3 n la calle 64 entre 191 y 195 de la Colonia Guadalupana.<\/div>\n<div class=\"MsoNormal\" style=\"background: white; line-height: 19.2pt; margin-bottom: .0001pt; margin-bottom: 0cm; text-align: justify;\">Los heridos dijeron que escucharon un estruendo y luego sintieron dolor.<\/div>\n<div class=\"MsoNormal\" style=\"background: white; line-height: 19.2pt; margin-bottom: .0001pt; margin-bottom: 0cm; text-align: justify;\">Los heridos fueron Eduardo Alonzo Pech, su hijo Carlos Alberto Ojeda Espa\u00f1a y sus sobrinos de 9 y 6 de a\u00f1os de edad.<\/div>\n<div class=\"MsoNormal\" style=\"background: white; line-height: 19.2pt; margin-bottom: .0001pt; margin-bottom: 0cm; text-align: justify;\">Se inform\u00f3 que el adulto sufri\u00f3 una lesi\u00f3n cerca de los ojos, su hijo sufri\u00f3 o cortadas en la cara y quemaduras en un brazo, mientras que los sobrinos solo reportaban intenso dolor<\/div>\n<div class=\"MsoNormal\" style=\"background: white; line-height: 19.2pt; margin-bottom: .0001pt; margin-bottom: 0cm; text-align: justify;\">Una ambulancia de la SSP traslad\u00f3 a padre e hijos al hospital, pues los otros menores no requirieron de hospitalizaci\u00f3n.<\/div>\n","protected":false},"excerpt":{"rendered":"<p>Un rayo que acompa\u00f1\u00f3 la lluvia vespertina de ayer dej\u00f3 cuatro personas lesionadas, 3 de ellas menores de edad, al caer sobre una humilde vivienda al sur de M\u00e9rida. El<\/p>\n","protected":false},"author":1,"featured_media":23526,"comment_status":"open","ping_status":"open","sticky":false,"template":"","format":"standard","meta":{"jetpack_post_was_ever_published":false,"_jetpack_newsletter_access":"","_jetpack_dont_email_post_to_subs":false,"_jetpack_newsletter_tier_id":0,"_jetpack_memberships_contains_paywalled_content":false,"_jetpack_memberships_contains_paid_content":false,"footnotes":"","jetpack_publicize_message":"","jetpack_publicize_feature_enabled":true,"jetpack_social_post_already_shared":false,"jetpack_social_options":{"image_generator_settings":{"template":"highway","default_image_id":0,"font":"","enabled":false},"version":2}},"categories":[3,1,49],"tags":[],"class_list":["post-6714","post","type-post","status-publish","format-standard","has-post-thumbnail","hentry","category-portada","category-sin-categoria","category-tocho-morocho"],"jetpack_publicize_connections":[],"jetpack_featured_media_url":"https:\/\/formalprision.com\/wp-content\/uploads\/2012\/07\/aaaryado.jpg","jetpack_sharing_enabled":true,"jetpack_shortlink":"https:\/\/wp.me\/p6id8p-1Ki","_links":{"self":[{"href":"https:\/\/formalprision.com\/index.php?rest_route=\/wp\/v2\/posts\/6714","targetHints":{"allow":["GET"]}}],"collection":[{"href":"https:\/\/formalprision.com\/index.php?rest_route=\/wp\/v2\/posts"}],"about":[{"href":"https:\/\/formalprision.com\/index.php?rest_route=\/wp\/v2\/types\/post"}],"author":[{"embeddable":true,"href":"https:\/\/formalprision.com\/index.php?rest_route=\/wp\/v2\/users\/1"}],"replies":[{"embeddable":true,"href":"https:\/\/formalprision.com\/index.php?rest_route=%2Fwp%2Fv2%2Fcomments&post=6714"}],"version-history":[{"count":0,"href":"https:\/\/formalprision.com\/index.php?rest_route=\/wp\/v2\/posts\/6714\/revisions"}],"wp:featuredmedia":[{"embeddable":true,"href":"https:\/\/formalprision.com\/index.php?rest_route=\/wp\/v2\/media\/23526"}],"wp:attachment":[{"href":"https:\/\/formalprision.com\/index.php?rest_route=%2Fwp%2Fv2%2Fmedia&parent=6714"}],"wp:term":[{"taxonomy":"category","embeddable":true,"href":"https:\/\/formalprision.com\/index.php?rest_route=%2Fwp%2Fv2%2Fcategories&post=6714"},{"taxonomy":"post_tag","embeddable":true,"href":"https:\/\/formalprision.com\/index.php?rest_route=%2Fwp%2Fv2%2Ftags&post=6714"}],"curies":[{"name":"wp","href":"https:\/\/api.w.org\/{rel}","templated":true}]}}