{"id":6720,"date":"2012-07-17T16:30:00","date_gmt":"2012-07-17T16:30:00","guid":{"rendered":"http:\/\/formalprision.info\/2012\/07\/17\/muere-electrocutado-y-queda-colgado-de\/"},"modified":"2015-06-03T08:51:23","modified_gmt":"2015-06-03T08:51:23","slug":"muere-electrocutado-y-queda-colgado-de","status":"publish","type":"post","link":"https:\/\/formalprision.com\/?p=6720","title":{"rendered":"Muere electrocutado y queda colgado de un \u00e1rbol"},"content":{"rendered":"<p><\/p>\n<div class=\"separator\" style=\"clear: both; text-align: center;\"><a href=\"http:\/\/4.bp.blogspot.com\/-k-fGlr2qXyY\/UAUVEkUP2vI\/AAAAAAAAHkU\/f35yRepeZRs\/s1600\/aaa+dos+electr.jpg\" imageanchor=\"1\" style=\"margin-left: 1em; margin-right: 1em;\"><img loading=\"lazy\" decoding=\"async\" border=\"0\" height=\"212\" src=\"http:\/\/formalprision.com\/wp-content\/uploads\/2012\/07\/aaa-dos-electr.jpg\" width=\"320\" \/><\/a><\/div>\n<div class=\"ecxmsoplaintext\" style=\"background: white; text-align: justify;\">El Ministerio P\u00fablico dio fe de la muerte de un joven oriundo de Ticul que sufri\u00f3 una descarga el\u00e9ctrica cuando cortaba ramas de un \u00e1rbol.<\/div>\n<div class=\"ecxmsoplaintext\" style=\"background: white; text-align: justify;\">Por azares de la vida, el occiso se llamaba Ram\u00f3n, como el \u00e1rbol que le quit\u00f3 indirectamente la vida.<\/div>\n<div class=\"ecxmsoplaintext\" style=\"background: white; text-align: justify;\">Los hechos ocurrieron en la calle 25 entre 34 y 36 de Ticul.<\/div>\n<div class=\"ecxmsoplaintext\" style=\"background: white; text-align: justify;\">En ese lugar, Carlos Ram\u00f3n Be Poot, de 20 a\u00f1os, subi\u00f3 a un \u00e1rbol de Ram\u00f3n para cortar las ramas.<\/div>\n<div class=\"ecxmsoplaintext\" style=\"background: white; text-align: justify;\">Sin embargo, estando en las alturas, el joven hizo contacto con un cable de alta tensi\u00f3n, recibiendo una descarga el\u00e9ctrica que lo mat\u00f3.<\/div>\n<div class=\"ecxmsoplaintext\" style=\"background: white; text-align: justify;\">El cuerpo no lleg\u00f3 al piso, pues qued\u00f3 colgado boca abajo en una de las ramas.<\/div>\n<div class=\"ecxmsoplaintext\" style=\"background: white; text-align: justify;\">Antes de morir, lanz\u00f3 un alarido que escuch\u00f3 su hermano Jos\u00e9 Concepci\u00f3n, pero no pudo hacer nada, pues cuando se acerc\u00f3 ya estaba muerto.<\/div>\n<p>La causa de la muerte fue certificada como &nbsp;fibrilaci\u00f3n auricular derecha por descarga el\u00e9ctrica<\/p>\n","protected":false},"excerpt":{"rendered":"<p>El Ministerio P\u00fablico dio fe de la muerte de un joven oriundo de Ticul que sufri\u00f3 una descarga el\u00e9ctrica cuando cortaba ramas de un \u00e1rbol. Por azares de la vida,<\/p>\n","protected":false},"author":1,"featured_media":23538,"comment_status":"open","ping_status":"open","sticky":false,"template":"","format":"standard","meta":{"jetpack_post_was_ever_published":false,"_jetpack_newsletter_access":"","_jetpack_dont_email_post_to_subs":false,"_jetpack_newsletter_tier_id":0,"_jetpack_memberships_contains_paywalled_content":false,"_jetpack_memberships_contains_paid_content":false,"footnotes":"","jetpack_publicize_message":"","jetpack_publicize_feature_enabled":true,"jetpack_social_post_already_shared":false,"jetpack_social_options":{"image_generator_settings":{"template":"highway","default_image_id":0,"font":"","enabled":false},"version":2}},"categories":[44,3,1],"tags":[],"class_list":["post-6720","post","type-post","status-publish","format-standard","has-post-thumbnail","hentry","category-morgue","category-portada","category-sin-categoria"],"jetpack_publicize_connections":[],"jetpack_featured_media_url":"https:\/\/formalprision.com\/wp-content\/uploads\/2012\/07\/aaa-dos-electr.jpg","jetpack_sharing_enabled":true,"jetpack_shortlink":"https:\/\/wp.me\/p6id8p-1Ko","_links":{"self":[{"href":"https:\/\/formalprision.com\/index.php?rest_route=\/wp\/v2\/posts\/6720","targetHints":{"allow":["GET"]}}],"collection":[{"href":"https:\/\/formalprision.com\/index.php?rest_route=\/wp\/v2\/posts"}],"about":[{"href":"https:\/\/formalprision.com\/index.php?rest_route=\/wp\/v2\/types\/post"}],"author":[{"embeddable":true,"href":"https:\/\/formalprision.com\/index.php?rest_route=\/wp\/v2\/users\/1"}],"replies":[{"embeddable":true,"href":"https:\/\/formalprision.com\/index.php?rest_route=%2Fwp%2Fv2%2Fcomments&post=6720"}],"version-history":[{"count":0,"href":"https:\/\/formalprision.com\/index.php?rest_route=\/wp\/v2\/posts\/6720\/revisions"}],"wp:featuredmedia":[{"embeddable":true,"href":"https:\/\/formalprision.com\/index.php?rest_route=\/wp\/v2\/media\/23538"}],"wp:attachment":[{"href":"https:\/\/formalprision.com\/index.php?rest_route=%2Fwp%2Fv2%2Fmedia&parent=6720"}],"wp:term":[{"taxonomy":"category","embeddable":true,"href":"https:\/\/formalprision.com\/index.php?rest_route=%2Fwp%2Fv2%2Fcategories&post=6720"},{"taxonomy":"post_tag","embeddable":true,"href":"https:\/\/formalprision.com\/index.php?rest_route=%2Fwp%2Fv2%2Ftags&post=6720"}],"curies":[{"name":"wp","href":"https:\/\/api.w.org\/{rel}","templated":true}]}}