{"id":6733,"date":"2012-07-13T22:00:00","date_gmt":"2012-07-13T22:00:00","guid":{"rendered":"http:\/\/formalprision.info\/2012\/07\/13\/la-policia-de-merida-retira-senales-de\/"},"modified":"2015-06-03T08:51:25","modified_gmt":"2015-06-03T08:51:25","slug":"la-policia-de-merida-retira-senales-de","status":"publish","type":"post","link":"https:\/\/formalprision.com\/?p=6733","title":{"rendered":"La Polic\u00eda de M\u00e9rida retira se\u00f1ales de alto instaladas ilegalmente"},"content":{"rendered":"<p><\/p>\n<div class=\"separator\" style=\"clear: both; text-align: center;\"><a href=\"http:\/\/4.bp.blogspot.com\/-ctVhM7gVP8s\/UACTq3roj_I\/AAAAAAAAHeI\/SBrqhOmekGU\/s1600\/DSCN0052.JPG\" imageanchor=\"1\" style=\"margin-left: 1em; margin-right: 1em;\"><img loading=\"lazy\" decoding=\"async\" border=\"0\" height=\"240\" src=\"http:\/\/formalprision.com\/wp-content\/uploads\/2012\/07\/DSCN0052.jpg\" width=\"320\" \/><\/a><\/div>\n<div class=\"separator\" style=\"clear: both; text-align: center;\"><a href=\"http:\/\/4.bp.blogspot.com\/-xzTynA6Yt_Q\/UACVjVXhcYI\/AAAAAAAAHeQ\/V15Njv8pS9M\/s1600\/DSCN0047.JPG\" imageanchor=\"1\" style=\"margin-left: 1em; margin-right: 1em;\"><img loading=\"lazy\" decoding=\"async\" border=\"0\" height=\"240\" src=\"http:\/\/formalprision.com\/wp-content\/uploads\/2012\/07\/DSCN0047.jpg\" width=\"320\" \/><\/a><\/div>\n<div class=\"MsoNormal\" style=\"background: white; line-height: 18.0pt; margin-bottom: .0001pt; margin-bottom: 0cm;\"><b>La Polic\u00eda Municipal de M\u00e9rida intervino ya en el caso de las se\u00f1ales de tr\u00e1nsito instaladas ilegalmente por particulares en la v\u00eda p\u00fablica.<\/b><\/div>\n<div class=\"MsoNormal\" style=\"background: white; line-height: 18.0pt; margin-bottom: .0001pt; margin-bottom: 0cm;\"><b>Esa corporaci\u00f3n polic\u00edaca orden\u00f3 que las do se\u00f1ales de alto fueran retiradas de las puertas del Pasaje Camino real, en los accesos a su estacionamiento subterr\u00e1neo, en la calle 58 y en la 60.<\/b><\/div>\n<div class=\"MsoNormal\" style=\"background: white; line-height: 18.0pt; margin-bottom: .0001pt; margin-bottom: 0cm;\"><b>Se comprob\u00f3 que la empresa hab\u00eda infringido el Reglamento de Tr\u00e1nsito, pues aunque las se\u00f1ales estaban instaladas dentro e la propiedad, se usaron se\u00f1ales que solo pueden ser instalados por la autoridad.<\/b><\/div>\n<div class=\"MsoNormal\" style=\"background: white; line-height: 18.0pt; margin-bottom: .0001pt; margin-bottom: 0cm;\"><b>La intervenci\u00f3n de la PMM se dio luego de que este portal hiciera p\u00fablica la anomal\u00eda, a ra\u00edz de la queja de transe\u00fantes y automovilistas.<\/b><\/div>\n<div class=\"MsoNormal\" style=\"background: white; line-height: 18.0pt; margin-bottom: .0001pt; margin-bottom: 0cm;\"><b>Como informamos esta misma semana, la instalaci\u00f3n de esas dos se\u00f1ales de alto en la v\u00eda p\u00fablica caus\u00f3 malestar y quejas.<\/b><\/div>\n<div class=\"MsoNormal\" style=\"background: white; line-height: 18.0pt; margin-bottom: .0001pt; margin-bottom: 0cm;\"><b>Los altos instalados eran de disco, similares a los que se colocan en las esquinas para controlar el tr\u00e1nsito vehicular.<\/b><\/div>\n<div class=\"MsoNormal\" style=\"background: white; line-height: 18.0pt; margin-bottom: .0001pt; margin-bottom: 0cm;\"><b>Las leyes&nbsp; solo facultan a las autoridades municipales o estatales, en este caso a la Polic\u00eda Municipal de M\u00e9rida, para instalarlos.<\/b><\/div>\n<div class=\"MsoNormal\" style=\"background: white; line-height: 18.0pt; margin-bottom: .0001pt; margin-bottom: 0cm;\"><b>Se hab\u00edan colocado en esos lugares para permitir que los veh\u00edculos que usaban el estacionamiento pudieran salir y entrar sin problemas, pero afectaban al peat\u00f3n, porque lo obligaban a detenerse, cuando es al peat\u00f3n al que debe cederse el paso.<\/b><\/div>\n<div class=\"MsoNormal\" style=\"background: white; line-height: 18.0pt; margin-bottom: .0001pt; margin-bottom: 0cm;\"><b>Adem\u00e1s, como eran &nbsp;iguales que los se\u00f1alamientos de las esquinas, causaban &nbsp;confusi\u00f3n en los automovilistas.<\/b><\/div>\n<div class=\"MsoNormal\" style=\"background: white; line-height: 18.0pt; margin-bottom: .0001pt; margin-bottom: 0cm;\"><\/div>\n<div class=\"MsoNormal\" style=\"background: white; line-height: 18.0pt; margin-bottom: .0001pt; margin-bottom: 0cm;\"><\/div>\n","protected":false},"excerpt":{"rendered":"<p>La Polic\u00eda Municipal de M\u00e9rida intervino ya en el caso de las se\u00f1ales de tr\u00e1nsito instaladas ilegalmente por particulares en la v\u00eda p\u00fablica. Esa corporaci\u00f3n polic\u00edaca orden\u00f3 que las do<\/p>\n","protected":false},"author":1,"featured_media":23563,"comment_status":"open","ping_status":"open","sticky":false,"template":"","format":"standard","meta":{"jetpack_post_was_ever_published":false,"_jetpack_newsletter_access":"","_jetpack_dont_email_post_to_subs":false,"_jetpack_newsletter_tier_id":0,"_jetpack_memberships_contains_paywalled_content":false,"_jetpack_memberships_contains_paid_content":false,"footnotes":"","jetpack_publicize_message":"","jetpack_publicize_feature_enabled":true,"jetpack_social_post_already_shared":false,"jetpack_social_options":{"image_generator_settings":{"template":"highway","default_image_id":0,"font":"","enabled":false},"version":2}},"categories":[3,1,49],"tags":[],"class_list":["post-6733","post","type-post","status-publish","format-standard","has-post-thumbnail","hentry","category-portada","category-sin-categoria","category-tocho-morocho"],"jetpack_publicize_connections":[],"jetpack_featured_media_url":"https:\/\/formalprision.com\/wp-content\/uploads\/2012\/07\/DSCN0052.jpg","jetpack_sharing_enabled":true,"jetpack_shortlink":"https:\/\/wp.me\/p6id8p-1KB","_links":{"self":[{"href":"https:\/\/formalprision.com\/index.php?rest_route=\/wp\/v2\/posts\/6733","targetHints":{"allow":["GET"]}}],"collection":[{"href":"https:\/\/formalprision.com\/index.php?rest_route=\/wp\/v2\/posts"}],"about":[{"href":"https:\/\/formalprision.com\/index.php?rest_route=\/wp\/v2\/types\/post"}],"author":[{"embeddable":true,"href":"https:\/\/formalprision.com\/index.php?rest_route=\/wp\/v2\/users\/1"}],"replies":[{"embeddable":true,"href":"https:\/\/formalprision.com\/index.php?rest_route=%2Fwp%2Fv2%2Fcomments&post=6733"}],"version-history":[{"count":0,"href":"https:\/\/formalprision.com\/index.php?rest_route=\/wp\/v2\/posts\/6733\/revisions"}],"wp:featuredmedia":[{"embeddable":true,"href":"https:\/\/formalprision.com\/index.php?rest_route=\/wp\/v2\/media\/23563"}],"wp:attachment":[{"href":"https:\/\/formalprision.com\/index.php?rest_route=%2Fwp%2Fv2%2Fmedia&parent=6733"}],"wp:term":[{"taxonomy":"category","embeddable":true,"href":"https:\/\/formalprision.com\/index.php?rest_route=%2Fwp%2Fv2%2Fcategories&post=6733"},{"taxonomy":"post_tag","embeddable":true,"href":"https:\/\/formalprision.com\/index.php?rest_route=%2Fwp%2Fv2%2Ftags&post=6733"}],"curies":[{"name":"wp","href":"https:\/\/api.w.org\/{rel}","templated":true}]}}