{"id":6741,"date":"2012-07-10T23:30:00","date_gmt":"2012-07-10T23:30:00","guid":{"rendered":"http:\/\/formalprision.info\/2012\/07\/10\/burla-la-policia-de-merida-particulares\/"},"modified":"2015-06-03T08:51:27","modified_gmt":"2015-06-03T08:51:27","slug":"burla-la-policia-de-merida-particulares","status":"publish","type":"post","link":"https:\/\/formalprision.com\/?p=6741","title":{"rendered":"Burla a la Polic\u00eda de M\u00e9rida: particulares instalan se\u00f1ales de alto en el centro"},"content":{"rendered":"<p><\/p>\n<div class=\"separator\" style=\"clear: both; text-align: center;\"><a href=\"http:\/\/1.bp.blogspot.com\/-qMwujWayzdE\/T_yxKbSLjlI\/AAAAAAAAHcY\/L-37BC0WfHM\/s1600\/DSCN0047.JPG\" imageanchor=\"1\" style=\"margin-left: 1em; margin-right: 1em;\"><img loading=\"lazy\" decoding=\"async\" border=\"0\" height=\"240\" src=\"http:\/\/formalprision.com\/wp-content\/uploads\/2012\/07\/DSCN00471.jpg\" width=\"320\" \/><\/a><\/div>\n<div class=\"ecxmsonormal\" style=\"background: white;\"><b>&nbsp;La instalaci\u00f3n presuntamente ilegal de dos se\u00f1ales de alto en la v\u00eda p\u00fablica en dos de las m\u00e1s importantes calles de M\u00e9rida ha causado malestar y quejas de peatones y automovilistas.<\/b><\/div>\n<div class=\"ecxmsonormal\" style=\"background: white;\"><b>Los se\u00f1alamientos&nbsp; fueron instalados al parecer sin el permiso de la autoridad, aunque hasta ahora el Ayuntamiento de M\u00e9rida no ha tomado cartas en el asunto.<\/b><\/div>\n<div class=\"ecxmsonormal\" style=\"background: white;\"><b>Los altos fueron instalados a las puertas del Pasaje Camino real, en los accesos a su estacionamiento subterr\u00e1neo, en la calle 58 y en la 60.<\/b><\/div>\n<div class=\"ecxmsonormal\" style=\"background: white;\"><b>Los altos son de disco, similares a los que se colocan en las esuinas para controlar el tr\u00e1nsito vehicular.<\/b><\/div>\n<div class=\"ecxmsonormal\" style=\"background: white;\"><b>Las leyes&nbsp; solo facultan a las autoridades municipales o estatales, en este caso a la Polic\u00eda Municipal de M\u00e9rida, para instalarlos.<\/b><\/div>\n<div class=\"ecxmsonormal\" style=\"background: white;\"><b>Se instalaron en esos lugares para permitir que los veh\u00edculos que salen y entran al estacionamiento puedan hacerlo con facilidad.<\/b><\/div>\n<div class=\"ecxmsonormal\" style=\"background: white;\"><b>Los altos indican a los peatones que deben detenerse para permitir el paso de los veh\u00edculos, cuando la situaci\u00f3n debe ser contraria.<\/b><\/div>\n<div class=\"ecxmsonormal\" style=\"background: white;\"><b>Adem\u00e1s, al ser iguales que los se\u00f1alamientos de las esquinas, pueden causar confusi\u00f3n en los automovilistas.<\/b><\/div>\n<div class=\"ecxmsonormal\" style=\"background: white;\"><b>Las quejas son principalmente de los peatones, quienes han manifestado su preocupaci\u00f3n porque esta pr\u00e1ctica se extienda a otros estacionamientos de los muchos que hay en el centro de la ciudad. (Acom)<\/b><\/div>\n","protected":false},"excerpt":{"rendered":"<p>&nbsp;La instalaci\u00f3n presuntamente ilegal de dos se\u00f1ales de alto en la v\u00eda p\u00fablica en dos de las m\u00e1s importantes calles de M\u00e9rida ha causado malestar y quejas de peatones y<\/p>\n","protected":false},"author":1,"featured_media":23580,"comment_status":"open","ping_status":"open","sticky":false,"template":"","format":"standard","meta":{"jetpack_post_was_ever_published":false,"_jetpack_newsletter_access":"","_jetpack_dont_email_post_to_subs":false,"_jetpack_newsletter_tier_id":0,"_jetpack_memberships_contains_paywalled_content":false,"_jetpack_memberships_contains_paid_content":false,"footnotes":"","jetpack_publicize_message":"","jetpack_publicize_feature_enabled":true,"jetpack_social_post_already_shared":false,"jetpack_social_options":{"image_generator_settings":{"template":"highway","default_image_id":0,"font":"","enabled":false},"version":2}},"categories":[3,58,1,53],"tags":[],"class_list":["post-6741","post","type-post","status-publish","format-standard","has-post-thumbnail","hentry","category-portada","category-rescates","category-sin-categoria","category-yo-no-fui"],"jetpack_publicize_connections":[],"jetpack_featured_media_url":"https:\/\/formalprision.com\/wp-content\/uploads\/2012\/07\/DSCN00471.jpg","jetpack_sharing_enabled":true,"jetpack_shortlink":"https:\/\/wp.me\/p6id8p-1KJ","_links":{"self":[{"href":"https:\/\/formalprision.com\/index.php?rest_route=\/wp\/v2\/posts\/6741","targetHints":{"allow":["GET"]}}],"collection":[{"href":"https:\/\/formalprision.com\/index.php?rest_route=\/wp\/v2\/posts"}],"about":[{"href":"https:\/\/formalprision.com\/index.php?rest_route=\/wp\/v2\/types\/post"}],"author":[{"embeddable":true,"href":"https:\/\/formalprision.com\/index.php?rest_route=\/wp\/v2\/users\/1"}],"replies":[{"embeddable":true,"href":"https:\/\/formalprision.com\/index.php?rest_route=%2Fwp%2Fv2%2Fcomments&post=6741"}],"version-history":[{"count":0,"href":"https:\/\/formalprision.com\/index.php?rest_route=\/wp\/v2\/posts\/6741\/revisions"}],"wp:featuredmedia":[{"embeddable":true,"href":"https:\/\/formalprision.com\/index.php?rest_route=\/wp\/v2\/media\/23580"}],"wp:attachment":[{"href":"https:\/\/formalprision.com\/index.php?rest_route=%2Fwp%2Fv2%2Fmedia&parent=6741"}],"wp:term":[{"taxonomy":"category","embeddable":true,"href":"https:\/\/formalprision.com\/index.php?rest_route=%2Fwp%2Fv2%2Fcategories&post=6741"},{"taxonomy":"post_tag","embeddable":true,"href":"https:\/\/formalprision.com\/index.php?rest_route=%2Fwp%2Fv2%2Ftags&post=6741"}],"curies":[{"name":"wp","href":"https:\/\/api.w.org\/{rel}","templated":true}]}}