{"id":6753,"date":"2012-07-06T06:45:00","date_gmt":"2012-07-06T06:45:00","guid":{"rendered":"http:\/\/formalprision.info\/2012\/07\/06\/artera-agresion-del-priista-alvar-rubio\/"},"modified":"2015-06-03T08:51:30","modified_gmt":"2015-06-03T08:51:30","slug":"artera-agresion-del-priista-alvar-rubio","status":"publish","type":"post","link":"https:\/\/formalprision.com\/?p=6753","title":{"rendered":"Artera agresi\u00f3n del pri\u00edsta Alvar Rubio a un reportero local"},"content":{"rendered":"<p><\/p>\n<div class=\"separator\" style=\"clear: both; text-align: center;\"><a href=\"http:\/\/1.bp.blogspot.com\/-G9h6OghL8to\/T_aJJvyWmOI\/AAAAAAAAHaE\/CSqLixYSI1Y\/s1600\/aaaalvar.JPG\" imageanchor=\"1\" style=\"margin-left: 1em; margin-right: 1em;\"><img loading=\"lazy\" decoding=\"async\" border=\"0\" height=\"317\" src=\"http:\/\/formalprision.com\/wp-content\/uploads\/2012\/07\/aaaalvar.jpg\" width=\"320\" \/><\/a><\/div>\n<div class=\"MsoNormal\">De manera artera, vil y cobarde, sin siquiera haber recibido su constancia que lo acreditara como diputado electo, Alvar Iv\u00e1n Rubio Rodr\u00edguez, &nbsp;arremeti\u00f3 anoche contra el reportero que cubr\u00eda el recuento del c\u00f3mputo en el Consejo Distrital VI, con sede en la colonia H\u00e9ctor Victoria del municipio de Kanas\u00edn. <\/div>\n<div class=\"MsoNormal\">La agresi\u00f3n qued\u00f3 asentada en la denuncia penal que se interpuso en su contra bajo el n\u00famero de Averiguaci\u00f3n Previa 2570\/32\/2012, de la agencia de la colonia &nbsp;Fidel Vel\u00e1zquez.<br \/>&nbsp;Sin mediar palabra alguna y al detectar la presencia de quien escribe, Alvar Rubio, tundi\u00f3 a golpes y someti\u00f3 al periodista Jaime Vargas del portal &nbsp;Debate por YUCATAN, con el apoyo de algunos de sus colaboradores, por el solo hecho de estar presente cubriendo los detalles del recuento de votos y la entrega de constancia, acto bochornoso que gener\u00f3 el repudio, rechazo e indignaci\u00f3n de los representantes de su propio partido, el Revolucionario Institucional.<\/div>\n<div class=\"MsoNormal\">Alvar Rubio no solo arremeti\u00f3 contra el reportero, sino que se burl\u00f3 p\u00fablicamente del director del peri\u00f3dico local Por Esto.<\/div>\n<div class=\"MsoNormal\">De manera atropellada, burda y haciendo gala de la prepotencia que lo caracteriza, el sujeto lleg\u00f3 a bordo de una lujosa camioneta tipo Navigator con placas ZAG-4622 de Yucat\u00e1n y al parecer propiedad del Gobierno del Estado, alrededor de las 11:00 de anoche, minutos despu\u00e9s descendi\u00f3 de la unidad e ingres\u00f3 a las instalaciones, pero desde que puso un pie para entrar a la terraza, Rubio Rodr\u00edguez, empez\u00f3 a encarar con los presente Del porqu\u00e9 del retraso en la entrega de su constancia.<br \/>&nbsp;&#8211;Qu\u00e9 est\u00e1 pasando aqu\u00ed, porque me hacen venir antes, porque hay tanto retraso, tengo media hora esperando. &#8211;dijo al ingresar al tiempo que detectaba al reportero para enfilarse sobre \u00e9l:<br \/>&nbsp;\u00ab.ahhh, ya s\u00e9 porque est\u00e1 este relajo. si aqu\u00ed est\u00e1s t\u00fa, deb\u00ed imaginarme que era por eso. qu\u00e9, me vas a tomar mi foto, me vas a publicar, porqu\u00e9 me estas chingando, me vas a publicar en tu revistita o le vas a hablar a Mario Renato (Men\u00e9ndez Rodr\u00edguez, director de &nbsp;POR ESTO!) \u00bb para que me publique mi foto y ma\u00f1ana salga yo en primera plana.\u00bb solt\u00f3 a boca de jarro acerc\u00e1ndose amenazadoramente hasta donde se encontraba el reportero sentado en una silla a la puerta del recinto. (Texto de Jaime Vargas)<br \/>&nbsp;<\/div>\n","protected":false},"excerpt":{"rendered":"<p>De manera artera, vil y cobarde, sin siquiera haber recibido su constancia que lo acreditara como diputado electo, Alvar Iv\u00e1n Rubio Rodr\u00edguez, &nbsp;arremeti\u00f3 anoche contra el reportero que cubr\u00eda el<\/p>\n","protected":false},"author":1,"featured_media":23605,"comment_status":"open","ping_status":"open","sticky":false,"template":"","format":"standard","meta":{"jetpack_post_was_ever_published":false,"_jetpack_newsletter_access":"","_jetpack_dont_email_post_to_subs":false,"_jetpack_newsletter_tier_id":0,"_jetpack_memberships_contains_paywalled_content":false,"_jetpack_memberships_contains_paid_content":false,"footnotes":"","jetpack_publicize_message":"","jetpack_publicize_feature_enabled":true,"jetpack_social_post_already_shared":false,"jetpack_social_options":{"image_generator_settings":{"template":"highway","default_image_id":0,"font":"","enabled":false},"version":2}},"categories":[45,50,3,1],"tags":[],"class_list":["post-6753","post","type-post","status-publish","format-standard","has-post-thumbnail","hentry","category-delincuentes-vip","category-machines","category-portada","category-sin-categoria"],"jetpack_publicize_connections":[],"jetpack_featured_media_url":"https:\/\/formalprision.com\/wp-content\/uploads\/2012\/07\/aaaalvar.jpg","jetpack_sharing_enabled":true,"jetpack_shortlink":"https:\/\/wp.me\/p6id8p-1KV","_links":{"self":[{"href":"https:\/\/formalprision.com\/index.php?rest_route=\/wp\/v2\/posts\/6753","targetHints":{"allow":["GET"]}}],"collection":[{"href":"https:\/\/formalprision.com\/index.php?rest_route=\/wp\/v2\/posts"}],"about":[{"href":"https:\/\/formalprision.com\/index.php?rest_route=\/wp\/v2\/types\/post"}],"author":[{"embeddable":true,"href":"https:\/\/formalprision.com\/index.php?rest_route=\/wp\/v2\/users\/1"}],"replies":[{"embeddable":true,"href":"https:\/\/formalprision.com\/index.php?rest_route=%2Fwp%2Fv2%2Fcomments&post=6753"}],"version-history":[{"count":0,"href":"https:\/\/formalprision.com\/index.php?rest_route=\/wp\/v2\/posts\/6753\/revisions"}],"wp:featuredmedia":[{"embeddable":true,"href":"https:\/\/formalprision.com\/index.php?rest_route=\/wp\/v2\/media\/23605"}],"wp:attachment":[{"href":"https:\/\/formalprision.com\/index.php?rest_route=%2Fwp%2Fv2%2Fmedia&parent=6753"}],"wp:term":[{"taxonomy":"category","embeddable":true,"href":"https:\/\/formalprision.com\/index.php?rest_route=%2Fwp%2Fv2%2Fcategories&post=6753"},{"taxonomy":"post_tag","embeddable":true,"href":"https:\/\/formalprision.com\/index.php?rest_route=%2Fwp%2Fv2%2Ftags&post=6753"}],"curies":[{"name":"wp","href":"https:\/\/api.w.org\/{rel}","templated":true}]}}