{"id":6762,"date":"2012-07-04T22:30:00","date_gmt":"2012-07-04T22:30:00","guid":{"rendered":"http:\/\/formalprision.info\/2012\/07\/04\/juez-ordena-grafitero-pagar-3100-por\/"},"modified":"2015-06-03T08:51:34","modified_gmt":"2015-06-03T08:51:34","slug":"juez-ordena-grafitero-pagar-3100-por","status":"publish","type":"post","link":"https:\/\/formalprision.com\/?p=6762","title":{"rendered":"Juez ordena a grafitero pagar $3,100 por pintar un monumento"},"content":{"rendered":"<p><\/p>\n<div class=\"separator\" style=\"clear: both; text-align: center;\"><a href=\"http:\/\/1.bp.blogspot.com\/-xrdu0UfEwTc\/T_Pnxm9eXeI\/AAAAAAAAHYM\/FKHrfNEVOvY\/s1600\/aaapintarrajeador+es.jpg\" imageanchor=\"1\" style=\"margin-left: 1em; margin-right: 1em;\"><img loading=\"lazy\" decoding=\"async\" border=\"0\" height=\"239\" src=\"http:\/\/formalprision.com\/wp-content\/uploads\/2012\/07\/aaapintarrajeador-es.jpg\" width=\"320\" \/><\/a><\/div>\n<div class=\"MsoNormal\" style=\"background-color: white; background-position: initial initial; background-repeat: initial initial; margin-bottom: 0.0001pt;\">Cristian Mauricio Narv\u00e1ez Medina, detenido por pintar grafitis en varias partes del pasaje \u201cEmilio Seijo\u201d, tuvo que pagar $3,100 por su irresponsabilidad y de esta forma recuperar la libertad.<\/div>\n<div class=\"MsoNormal\" style=\"background-color: white; background-position: initial initial; background-repeat: initial initial; margin-bottom: 0.0001pt;\">El joven, de 19 a\u00f1os, fue encarcelado junto con un amigo suyo, menor de edad, luego de que causaron da\u00f1os en paredes de negocios, en bancas y en un monumento de ese pasaje.<\/div>\n<div class=\"MsoNormal\" style=\"background-color: white; background-position: initial initial; background-repeat: initial initial; margin-bottom: 0.0001pt;\">Narv\u00e1ez Medina fue remitido al Juzgado Tercero Penal, acusadod e da\u00f1o en propiedad ajena.<\/div>\n<div class=\"MsoNormal\" style=\"background-color: white; background-position: initial initial; background-repeat: initial initial; margin-bottom: 0.0001pt;\">El expediente indica que el sujeto, el menor C.A.M.W. y otro jovencito que logr\u00f3 escapar, acudieron a un evento de grafitis en el fraccionamiento Juan Pablo II.<\/div>\n<div class=\"MsoNormal\" style=\"background-color: white; background-position: initial initial; background-repeat: initial initial; margin-bottom: 0.0001pt;\">En el lugar consumieron cervezas y luego fueron al pasaje, donde realizaron las pintas, pero fueron detenidos por agentes de la Polic\u00eda Municipal de M\u00e9rida en horas de la madrugada..<\/div>\n<div class=\"MsoNormal\" style=\"background-color: white; background-position: initial initial; background-repeat: initial initial; margin-bottom: 0.0001pt;\">Al dar su testimonio en el Juzgado,&nbsp;Cristian Mauricio dijo que estaba con sus amigos &nbsp;en la Plaza Grande esperando a que los camiones urbanos iniciaran sus viajes y \u00e9l&nbsp;entr\u00f3 a una tienda a comprar &nbsp;una sopa instant\u00e1nea, pero &nbsp;al regresar con sus amigos, \u00e9stos ya no estaban.<\/div>\n<div class=\"MsoNormal\" style=\"background-color: white; background-position: initial initial; background-repeat: initial initial; margin-bottom: 0.0001pt;\">Al poco rato llegaron sus cuates, pero acompa\u00f1ados de los polic\u00edas y lo detuvieron.<\/div>\n<div class=\"MsoNormal\" style=\"background-color: white; background-position: initial initial; background-repeat: initial initial; margin-bottom: 0.0001pt;\">Dijo que no pint\u00f3 ninguna pared y consider\u00f3 que posiblemente fue Sa\u00fal, el pr\u00f3fugo, pues \u00e9ste concurs\u00f3 en el evento de grafitis y ellos solo observaron.<\/div>\n<div class=\"MsoNormal\" style=\"background-color: white; background-position: initial initial; background-repeat: initial initial; margin-bottom: 0.0001pt;\">Seg\u00fan el reporte polic\u00edaco, pintarrajearon la piedra del Pasaje, la cortina de un comercio y paredes de otros.<\/div>\n<div class=\"MsoNormal\" style=\"background-color: white; background-position: initial initial; background-repeat: initial initial; margin-bottom: 0.0001pt;\">Al final de cuentas, sus familiares tuvieron que pagar los $3100 para recuperar su libertad.<\/div>\n<div class=\"MsoNormal\" style=\"background-color: white; background-position: initial initial; background-repeat: initial initial; margin-bottom: 0.0001pt;\">El otro detenido, el menor de edad, fue remitido ante un juez especial. (Acom)<\/div>\n<div class=\"MsoNormal\"><\/div>\n","protected":false},"excerpt":{"rendered":"<p>Cristian Mauricio Narv\u00e1ez Medina, detenido por pintar grafitis en varias partes del pasaje \u201cEmilio Seijo\u201d, tuvo que pagar $3,100 por su irresponsabilidad y de esta forma recuperar la libertad. El<\/p>\n","protected":false},"author":1,"featured_media":23623,"comment_status":"open","ping_status":"open","sticky":false,"template":"","format":"standard","meta":{"jetpack_post_was_ever_published":false,"_jetpack_newsletter_access":"","_jetpack_dont_email_post_to_subs":false,"_jetpack_newsletter_tier_id":0,"_jetpack_memberships_contains_paywalled_content":false,"_jetpack_memberships_contains_paid_content":false,"footnotes":"","jetpack_publicize_message":"","jetpack_publicize_feature_enabled":true,"jetpack_social_post_already_shared":false,"jetpack_social_options":{"image_generator_settings":{"template":"highway","default_image_id":0,"font":"","enabled":false},"version":2}},"categories":[3,1,53,54],"tags":[],"class_list":["post-6762","post","type-post","status-publish","format-standard","has-post-thumbnail","hentry","category-portada","category-sin-categoria","category-yo-no-fui","category-yucatan"],"jetpack_publicize_connections":[],"jetpack_featured_media_url":"https:\/\/formalprision.com\/wp-content\/uploads\/2012\/07\/aaapintarrajeador-es.jpg","jetpack_sharing_enabled":true,"jetpack_shortlink":"https:\/\/wp.me\/p6id8p-1L4","_links":{"self":[{"href":"https:\/\/formalprision.com\/index.php?rest_route=\/wp\/v2\/posts\/6762","targetHints":{"allow":["GET"]}}],"collection":[{"href":"https:\/\/formalprision.com\/index.php?rest_route=\/wp\/v2\/posts"}],"about":[{"href":"https:\/\/formalprision.com\/index.php?rest_route=\/wp\/v2\/types\/post"}],"author":[{"embeddable":true,"href":"https:\/\/formalprision.com\/index.php?rest_route=\/wp\/v2\/users\/1"}],"replies":[{"embeddable":true,"href":"https:\/\/formalprision.com\/index.php?rest_route=%2Fwp%2Fv2%2Fcomments&post=6762"}],"version-history":[{"count":0,"href":"https:\/\/formalprision.com\/index.php?rest_route=\/wp\/v2\/posts\/6762\/revisions"}],"wp:featuredmedia":[{"embeddable":true,"href":"https:\/\/formalprision.com\/index.php?rest_route=\/wp\/v2\/media\/23623"}],"wp:attachment":[{"href":"https:\/\/formalprision.com\/index.php?rest_route=%2Fwp%2Fv2%2Fmedia&parent=6762"}],"wp:term":[{"taxonomy":"category","embeddable":true,"href":"https:\/\/formalprision.com\/index.php?rest_route=%2Fwp%2Fv2%2Fcategories&post=6762"},{"taxonomy":"post_tag","embeddable":true,"href":"https:\/\/formalprision.com\/index.php?rest_route=%2Fwp%2Fv2%2Ftags&post=6762"}],"curies":[{"name":"wp","href":"https:\/\/api.w.org\/{rel}","templated":true}]}}