{"id":6765,"date":"2012-07-04T05:30:00","date_gmt":"2012-07-04T05:30:00","guid":{"rendered":"http:\/\/formalprision.info\/2012\/07\/04\/la-ssp-explica-el-motivo-de-su\/"},"modified":"2015-06-03T08:51:35","modified_gmt":"2015-06-03T08:51:35","slug":"la-ssp-explica-el-motivo-de-su","status":"publish","type":"post","link":"https:\/\/formalprision.com\/?p=6765","title":{"rendered":"La SSP explica el motivo de su intervenci\u00f3n en Tizim\u00edn"},"content":{"rendered":"<p><\/p>\n<div class=\"separator\" style=\"clear: both; text-align: center;\"><a href=\"http:\/\/2.bp.blogspot.com\/--zC-BA3i0uM\/T_PUn61XtyI\/AAAAAAAAHX0\/VlevgKrkj0U\/s1600\/saiden+escudo.jpg\" imageanchor=\"1\" style=\"margin-left: 1em; margin-right: 1em;\"><img loading=\"lazy\" decoding=\"async\" border=\"0\" height=\"227\" src=\"http:\/\/formalprision.com\/wp-content\/uploads\/2012\/07\/saiden-escudo1.jpg\" width=\"320\" \/><\/a><\/div>\n<div class=\"ecxMsoNormal\" style=\"background: white; line-height: 150%; margin-bottom: 0pt; text-align: justify; text-justify: inter-ideograph;\">Esta  tarde, elementos de la Secretar\u00eda de Seguridad P\u00fablica del Estado (SSP) que por  ley custodian las instalaciones del Ipepac en Tizim\u00edn, fueron amenazados y  agredidos por unas 500 personas identificadas con el Partido Acci\u00f3n Nacional,  entre las cuales se encontraba Antonio Couoh Suaste.<\/div>\n<div class=\"ecxMsoNormal\" style=\"background: white; line-height: 150%; margin-bottom: 0pt; text-align: justify; text-justify: inter-ideograph;\">El  presidente municipal Jos\u00e9 Dolores Mezo Peniche, con el argumento de que en las  unidades policiales hab\u00eda propaganda pol\u00edtica, inst\u00f3 a las personas a abrir por  la fuerza los veh\u00edculos de la corporaci\u00f3n y revisaron las mochilas personales de  los elementos, sin encontrar nada.<\/div>\n<div class=\"ecxMsoNormal\" style=\"background: white; line-height: 150%; margin-bottom: 0pt; text-align: justify; text-justify: inter-ideograph;\">Para  salvaguardar la integridad f\u00edsica de la ciudadan\u00eda, proteger las instalaciones  electorales y restablecer el orden, la SSP reforz\u00f3 la vigilancia en el  lugar.<\/div>\n<div class=\"ecxMsoNormal\" style=\"background: white; line-height: 150%; margin-bottom: 0pt; text-align: justify; text-justify: inter-ideograph;\">Por  la superioridad num\u00e9rica y la agresividad de estas personas y con el fin de  dispersarlas sin lesionarlas, fue necesario el uso de granadas de humo y de gas  lacrim\u00f3geno.<\/div>\n<div class=\"ecxMsoNormal\" style=\"background: white; line-height: 150%; margin-bottom: 0pt; text-align: justify; text-justify: inter-ideograph;\">La  vigilancia de las sedes distritales y municipales del Ipepac y la custodia del  material electoral corresponde por Ley a la Secretar\u00eda de Seguridad P\u00fablica del  Estado (Comunicado de prensa)<\/div>\n","protected":false},"excerpt":{"rendered":"<p>Esta tarde, elementos de la Secretar\u00eda de Seguridad P\u00fablica del Estado (SSP) que por ley custodian las instalaciones del Ipepac en Tizim\u00edn, fueron amenazados y agredidos por unas 500 personas<\/p>\n","protected":false},"author":1,"featured_media":23629,"comment_status":"open","ping_status":"open","sticky":false,"template":"","format":"standard","meta":{"jetpack_post_was_ever_published":false,"_jetpack_newsletter_access":"","_jetpack_dont_email_post_to_subs":false,"_jetpack_newsletter_tier_id":0,"_jetpack_memberships_contains_paywalled_content":false,"_jetpack_memberships_contains_paid_content":false,"footnotes":"","jetpack_publicize_message":"","jetpack_publicize_feature_enabled":true,"jetpack_social_post_already_shared":false,"jetpack_social_options":{"image_generator_settings":{"template":"highway","default_image_id":0,"font":"","enabled":false},"version":2}},"categories":[3,1,49],"tags":[],"class_list":["post-6765","post","type-post","status-publish","format-standard","has-post-thumbnail","hentry","category-portada","category-sin-categoria","category-tocho-morocho"],"jetpack_publicize_connections":[],"jetpack_featured_media_url":"https:\/\/formalprision.com\/wp-content\/uploads\/2012\/07\/saiden-escudo1.jpg","jetpack_sharing_enabled":true,"jetpack_shortlink":"https:\/\/wp.me\/p6id8p-1L7","_links":{"self":[{"href":"https:\/\/formalprision.com\/index.php?rest_route=\/wp\/v2\/posts\/6765","targetHints":{"allow":["GET"]}}],"collection":[{"href":"https:\/\/formalprision.com\/index.php?rest_route=\/wp\/v2\/posts"}],"about":[{"href":"https:\/\/formalprision.com\/index.php?rest_route=\/wp\/v2\/types\/post"}],"author":[{"embeddable":true,"href":"https:\/\/formalprision.com\/index.php?rest_route=\/wp\/v2\/users\/1"}],"replies":[{"embeddable":true,"href":"https:\/\/formalprision.com\/index.php?rest_route=%2Fwp%2Fv2%2Fcomments&post=6765"}],"version-history":[{"count":0,"href":"https:\/\/formalprision.com\/index.php?rest_route=\/wp\/v2\/posts\/6765\/revisions"}],"wp:featuredmedia":[{"embeddable":true,"href":"https:\/\/formalprision.com\/index.php?rest_route=\/wp\/v2\/media\/23629"}],"wp:attachment":[{"href":"https:\/\/formalprision.com\/index.php?rest_route=%2Fwp%2Fv2%2Fmedia&parent=6765"}],"wp:term":[{"taxonomy":"category","embeddable":true,"href":"https:\/\/formalprision.com\/index.php?rest_route=%2Fwp%2Fv2%2Fcategories&post=6765"},{"taxonomy":"post_tag","embeddable":true,"href":"https:\/\/formalprision.com\/index.php?rest_route=%2Fwp%2Fv2%2Ftags&post=6765"}],"curies":[{"name":"wp","href":"https:\/\/api.w.org\/{rel}","templated":true}]}}