{"id":6766,"date":"2012-07-04T01:00:00","date_gmt":"2012-07-04T01:00:00","guid":{"rendered":"http:\/\/formalprision.info\/2012\/07\/04\/diligenciero-identifica-al-que-le-robo\/"},"modified":"2015-06-03T08:51:35","modified_gmt":"2015-06-03T08:51:35","slug":"diligenciero-identifica-al-que-le-robo","status":"publish","type":"post","link":"https:\/\/formalprision.com\/?p=6766","title":{"rendered":"Diligenciero identifica al que le rob\u00f3 $3 millones en efectivo"},"content":{"rendered":"<div class=\"separator\" style=\"clear: both; text-align: center;\"><a href=\"http:\/\/1.bp.blogspot.com\/-I5vXYo-l9mU\/T_OR-l31HlI\/AAAAAAAAHXo\/B1W6t-b5HVo\/s1600\/aaayonofuilanetea.jpg\" imageanchor=\"1\" style=\"margin-left: 1em; margin-right: 1em;\"><img loading=\"lazy\" decoding=\"async\" border=\"0\" height=\"320\" src=\"http:\/\/formalprision.com\/wp-content\/uploads\/2012\/07\/aaayonofuilanetea.jpg\" width=\"240\" \/><\/a><\/div>\n<p>Detenido por el robo de $3 millones a un diligenciero, Manuel de Jes\u00fas C\u00e1mara Barrera sostuvo hoy un careo con el afectado, quien lo reconoci\u00f3 como uno de los asaltantes que le quitaron el dinero.<\/p>\n<div class=\"MsoNormal\" style=\"background-color: white; background-position: initial initial; background-repeat: initial initial; margin-bottom: 0.0001pt;\">El careo se llev\u00f3 a cabo en el Juzgado Octavo Penal y pese a que C\u00e1mara Barrera insisti\u00f3 en que no tuvo nada que ver en el robo, su careado, el diligenciero Luis Manuel Dzib Ek, reiter\u00f3 que es uno de los atracadores.<\/div>\n<div class=\"MsoNormal\" style=\"background-color: white; background-position: initial initial; background-repeat: initial initial; margin-bottom: 0.0001pt;\">El diligenciero, de la&nbsp;\u201cConstructora e Inmobiliaria RAS\u201d, dijo que vio el video del banco HSBC y aparece el delincuente en el mismo momento en que \u00e9l acudi\u00f3 a cambiar &nbsp;el cheque con los tres millones de pesos.<\/div>\n<div class=\"MsoNormal\" style=\"background-color: white; background-position: initial initial; background-repeat: initial initial; margin-bottom: 0.0001pt;\">Dijo que el encarcelado lo sujet\u00f3 para que otro c\u00f3mplice huyera con la mochila con el dinero,<\/div>\n<div class=\"MsoNormal\" style=\"background-color: white; background-position: initial initial; background-repeat: initial initial; margin-bottom: 0.0001pt;\">&nbsp;\u201cEl huy\u00f3 despu\u00e9s de que se fue su compa\u00f1ero con la mochila, pero no cont\u00f3 con que fuera detenido por el mec\u00e1nico del taller donde ocurri\u00f3 el atraco\u201d, reiter\u00f3 el diligenciero durante la diligencia.<\/div>\n<div class=\"MsoNormal\" style=\"background-color: white; background-position: initial initial; background-repeat: initial initial; margin-bottom: 0.0001pt;\">En el v\u00eddeo del banco aparece el detenido &nbsp;y los otros sujetos que ahora est\u00e1n pr\u00f3fugos, , David Vargas, Mariano Vega y &nbsp;\u201cEl Payaso\u201d.<\/div>\n<div class=\"MsoNormal\" style=\"background-color: white; background-position: initial initial; background-repeat: initial initial; margin-bottom: 0.0001pt;\">Acorralado, C\u00e1mara Barrera solo alcanz\u00f3 a decir que no era l\u00f3gico que el diligenciero sacara tanto dinero de un banco nada m\u00e1s.<\/div>\n<div class=\"MsoNormal\" style=\"background-color: white; background-position: initial initial; background-repeat: initial initial; margin-bottom: 0.0001pt;\">El robo ocurri\u00f3 luego de que el diligenciero retir\u00f3 el dinero del banco y acudi\u00f3 al \u201cTaller Reconstrucci\u00f3n Industrial\u201d, en Itzimn\u00e1, donde lo amagaron los sujetos y le quitaron el efectivo.<\/div>\n<div class=\"MsoNormal\" style=\"background-color: white; background-position: initial initial; background-repeat: initial initial; margin-bottom: 7.65pt;\">Los tres sujetos que ten\u00edan el dinero lograron huir, aunque la polic\u00eda captur\u00f3 a C\u00e1mara Barrera, quien permanece encarcelado. (Acom)<\/div>\n<div class=\"MsoNormal\" style=\"background-color: white; background-position: initial initial; background-repeat: initial initial; margin-bottom: 7.65pt;\"><\/div>\n<div class=\"MsoNormal\"><\/div>\n<div class=\"MsoNormal\"><\/div>\n","protected":false},"excerpt":{"rendered":"<p>Detenido por el robo de $3 millones a un diligenciero, Manuel de Jes\u00fas C\u00e1mara Barrera sostuvo hoy un careo con el afectado, quien lo reconoci\u00f3 como uno de los asaltantes<\/p>\n","protected":false},"author":1,"featured_media":23631,"comment_status":"open","ping_status":"open","sticky":false,"template":"","format":"standard","meta":{"jetpack_post_was_ever_published":false,"_jetpack_newsletter_access":"","_jetpack_dont_email_post_to_subs":false,"_jetpack_newsletter_tier_id":0,"_jetpack_memberships_contains_paywalled_content":false,"_jetpack_memberships_contains_paid_content":false,"footnotes":"","jetpack_publicize_message":"","jetpack_publicize_feature_enabled":true,"jetpack_social_post_already_shared":false,"jetpack_social_options":{"image_generator_settings":{"template":"highway","default_image_id":0,"font":"","enabled":false},"version":2}},"categories":[45,3,1,53],"tags":[],"class_list":["post-6766","post","type-post","status-publish","format-standard","has-post-thumbnail","hentry","category-delincuentes-vip","category-portada","category-sin-categoria","category-yo-no-fui"],"jetpack_publicize_connections":[],"jetpack_featured_media_url":"https:\/\/formalprision.com\/wp-content\/uploads\/2012\/07\/aaayonofuilanetea.jpg","jetpack_sharing_enabled":true,"jetpack_shortlink":"https:\/\/wp.me\/p6id8p-1L8","_links":{"self":[{"href":"https:\/\/formalprision.com\/index.php?rest_route=\/wp\/v2\/posts\/6766","targetHints":{"allow":["GET"]}}],"collection":[{"href":"https:\/\/formalprision.com\/index.php?rest_route=\/wp\/v2\/posts"}],"about":[{"href":"https:\/\/formalprision.com\/index.php?rest_route=\/wp\/v2\/types\/post"}],"author":[{"embeddable":true,"href":"https:\/\/formalprision.com\/index.php?rest_route=\/wp\/v2\/users\/1"}],"replies":[{"embeddable":true,"href":"https:\/\/formalprision.com\/index.php?rest_route=%2Fwp%2Fv2%2Fcomments&post=6766"}],"version-history":[{"count":0,"href":"https:\/\/formalprision.com\/index.php?rest_route=\/wp\/v2\/posts\/6766\/revisions"}],"wp:featuredmedia":[{"embeddable":true,"href":"https:\/\/formalprision.com\/index.php?rest_route=\/wp\/v2\/media\/23631"}],"wp:attachment":[{"href":"https:\/\/formalprision.com\/index.php?rest_route=%2Fwp%2Fv2%2Fmedia&parent=6766"}],"wp:term":[{"taxonomy":"category","embeddable":true,"href":"https:\/\/formalprision.com\/index.php?rest_route=%2Fwp%2Fv2%2Fcategories&post=6766"},{"taxonomy":"post_tag","embeddable":true,"href":"https:\/\/formalprision.com\/index.php?rest_route=%2Fwp%2Fv2%2Ftags&post=6766"}],"curies":[{"name":"wp","href":"https:\/\/api.w.org\/{rel}","templated":true}]}}