{"id":67678,"date":"2018-08-21T07:12:12","date_gmt":"2018-08-21T12:12:12","guid":{"rendered":"http:\/\/formalprision.com\/?p=67678"},"modified":"2018-08-21T08:38:30","modified_gmt":"2018-08-21T13:38:30","slug":"abusaba-de-su-propia-hija-en-el-sur-de-merida","status":"publish","type":"post","link":"https:\/\/formalprision.com\/?p=67678","title":{"rendered":"Abusaba de su propia hija en el sur de M\u00e9rida"},"content":{"rendered":"<p>En cumplimiento de una orden de aprehensi\u00f3n, fue detenido Gerardo Osorio Estudillo, quien abus\u00f3 de su propia hija desde los 11 a\u00f1os.<\/p>\n<p>Aprovechando la relaci\u00f3n familiar con ella, la viol\u00f3 varias veces, hasta que la ni\u00f1a cumpli\u00f3 14 a\u00f1os.<\/p>\n<p>Ahora enfrenta proceso por los delitos de violaci\u00f3n equiparada agravada y violaci\u00f3n agravada.<\/p>\n<p>El juez de control R\u00f3mulo Antonio Bonilla Casta\u00f1eda libr\u00f3 la orden de captura desde octubre de 2017, pero no se le hab\u00eda podido localizar.<\/p>\n<p>De acuerdo con el expediente, entre finales de agosto y principios de septiembre de 2012, cuando la menor agraviada contaba con 11 a\u00f1os, se encontraba durmiendo en el suelo de la sala de su domicilio, ubicado en la calle 165 de la colonia Emiliano Zapata Sur II.<\/p>\n<p>Osorio Estudillo la despoj\u00f3 de sus ropas y con una mano le tap\u00f3 la boca y con la otra le comenz\u00f3 a tocar las partes \u00edntimas.<\/p>\n<p>Trat\u00f3 de violarla, pero como la menor comenz\u00f3 a llorar, el sujeto no pudo consumar el acto.<\/p>\n<p>Dos meses despu\u00e9s de esta agresi\u00f3n sexual, el sujeto logr\u00f3 imponerle la c\u00f3pula por la fuerza.<\/p>\n<p>Lo hizo varias veces, la \u00faltima a finales de enero de 2016, cuando entr\u00f3 al cuarto de la menor, que en ese entonces ten\u00eda 14 a\u00f1os, y con una de sus manos le tap\u00f3 la boca, mientras que con la otra le baj\u00f3 el short, as\u00ed como su ropa interior, la tir\u00f3 a la cama, la inmoviliz\u00f3 con su peso y aprovechando tal circunstancia la violo.<\/p>\n<p>La menor cont\u00f3 lo sucedido a su madre, lo que permiti\u00f3 que fuera denunciado y se le detuviera hoy.<\/p>\n","protected":false},"excerpt":{"rendered":"<p>En cumplimiento de una orden de aprehensi\u00f3n, fue detenido Gerardo Osorio Estudillo, quien abus\u00f3 de su propia hija desde los 11 a\u00f1os. Aprovechando la relaci\u00f3n familiar con ella, la viol\u00f3<\/p>\n","protected":false},"author":1,"featured_media":67679,"comment_status":"open","ping_status":"open","sticky":false,"template":"","format":"standard","meta":{"jetpack_post_was_ever_published":false,"_jetpack_newsletter_access":"","_jetpack_dont_email_post_to_subs":false,"_jetpack_newsletter_tier_id":0,"_jetpack_memberships_contains_paywalled_content":false,"_jetpack_memberships_contains_paid_content":false,"footnotes":"","jetpack_publicize_message":"","jetpack_publicize_feature_enabled":true,"jetpack_social_post_already_shared":true,"jetpack_social_options":{"image_generator_settings":{"template":"highway","default_image_id":0,"font":"","enabled":false},"version":2}},"categories":[1,55,54],"tags":[],"class_list":["post-67678","post","type-post","status-publish","format-standard","has-post-thumbnail","hentry","category-sin-categoria","category-violines","category-yucatan"],"jetpack_publicize_connections":[],"jetpack_featured_media_url":"https:\/\/formalprision.com\/wp-content\/uploads\/2018\/08\/IMG_0657-1.jpg","jetpack_sharing_enabled":true,"jetpack_shortlink":"https:\/\/wp.me\/p6id8p-hBA","_links":{"self":[{"href":"https:\/\/formalprision.com\/index.php?rest_route=\/wp\/v2\/posts\/67678","targetHints":{"allow":["GET"]}}],"collection":[{"href":"https:\/\/formalprision.com\/index.php?rest_route=\/wp\/v2\/posts"}],"about":[{"href":"https:\/\/formalprision.com\/index.php?rest_route=\/wp\/v2\/types\/post"}],"author":[{"embeddable":true,"href":"https:\/\/formalprision.com\/index.php?rest_route=\/wp\/v2\/users\/1"}],"replies":[{"embeddable":true,"href":"https:\/\/formalprision.com\/index.php?rest_route=%2Fwp%2Fv2%2Fcomments&post=67678"}],"version-history":[{"count":0,"href":"https:\/\/formalprision.com\/index.php?rest_route=\/wp\/v2\/posts\/67678\/revisions"}],"wp:featuredmedia":[{"embeddable":true,"href":"https:\/\/formalprision.com\/index.php?rest_route=\/wp\/v2\/media\/67679"}],"wp:attachment":[{"href":"https:\/\/formalprision.com\/index.php?rest_route=%2Fwp%2Fv2%2Fmedia&parent=67678"}],"wp:term":[{"taxonomy":"category","embeddable":true,"href":"https:\/\/formalprision.com\/index.php?rest_route=%2Fwp%2Fv2%2Fcategories&post=67678"},{"taxonomy":"post_tag","embeddable":true,"href":"https:\/\/formalprision.com\/index.php?rest_route=%2Fwp%2Fv2%2Ftags&post=67678"}],"curies":[{"name":"wp","href":"https:\/\/api.w.org\/{rel}","templated":true}]}}