{"id":6774,"date":"2012-07-02T15:00:00","date_gmt":"2012-07-02T15:00:00","guid":{"rendered":"http:\/\/formalprision.info\/2012\/07\/02\/detenidos-por-pintarrajear-el-pasaje\/"},"modified":"2015-06-03T08:51:36","modified_gmt":"2015-06-03T08:51:36","slug":"detenidos-por-pintarrajear-el-pasaje","status":"publish","type":"post","link":"https:\/\/formalprision.com\/?p=6774","title":{"rendered":"Detenidos por pintarrajear el pasaje Emilio Seijo"},"content":{"rendered":"<p><\/p>\n<div class=\"separator\" style=\"clear: both; text-align: center;\"><a href=\"http:\/\/3.bp.blogspot.com\/-Pjij84a-Fh8\/T_FH8-rGYtI\/AAAAAAAAHWI\/Ypgl1ra03_Q\/s1600\/aaagrafiteros.JPG\" imageanchor=\"1\" style=\"margin-left: 1em; margin-right: 1em;\"><img loading=\"lazy\" decoding=\"async\" border=\"0\" height=\"240\" src=\"http:\/\/formalprision.com\/wp-content\/uploads\/2012\/07\/aaagrafiteros.jpg\" width=\"320\" \/><\/a><\/div>\n<div class=\"MsoNormal\" style=\"text-align: justify;\">Elementos de la Polic\u00eda Municipal de M\u00e9rida detuvieron en la madrugada a Cristian Mauricio Narv\u00e1ez Medina y a un menor de edad por grafitear en el Pasaje Emilio Seijo.<\/div>\n<div class=\"MsoNormal\" style=\"text-align: justify;\">Cristian Mauricio y &nbsp;C.A.M.W. ten\u00edan aliento alcoh\u00f3lico cuando fueron detenidos.<\/div>\n<div class=\"MsoNormal\" style=\"text-align: justify;\">Los dos jovencitos mancharon las paredes, una piedra monumento y otras partes, de dicho lugar.<\/div>\n<div class=\"MsoNormal\" style=\"text-align: justify;\">Se les detuvo en la Plaza Grande.<\/div>\n<div class=\"MsoNormal\" style=\"text-align: justify;\">A Narv\u00e1ez Medina se le encontr\u00f3 &nbsp;una bolsa con &nbsp;cuatro latas de esmalte en aerosol, reconociendo ambos que los hab\u00eda utilizado para grafitear en el Pasaje Emilio Seijo. <\/div>\n<p>Ante tales hechos se procedi\u00f3 a la detenci\u00f3n de Narv\u00e1ez Medina y del menor C.A.M.W., quienes ten\u00edan aliento alcoh\u00f3lico, para su traslado a la C\u00e1rcel Municipal y posterior remisi\u00f3n al Ministerio P\u00fablico para los fines legales pertinentes<\/p>\n","protected":false},"excerpt":{"rendered":"<p>Elementos de la Polic\u00eda Municipal de M\u00e9rida detuvieron en la madrugada a Cristian Mauricio Narv\u00e1ez Medina y a un menor de edad por grafitear en el Pasaje Emilio Seijo. Cristian<\/p>\n","protected":false},"author":1,"featured_media":23648,"comment_status":"open","ping_status":"open","sticky":false,"template":"","format":"standard","meta":{"jetpack_post_was_ever_published":false,"_jetpack_newsletter_access":"","_jetpack_dont_email_post_to_subs":false,"_jetpack_newsletter_tier_id":0,"_jetpack_memberships_contains_paywalled_content":false,"_jetpack_memberships_contains_paid_content":false,"footnotes":"","jetpack_publicize_message":"","jetpack_publicize_feature_enabled":true,"jetpack_social_post_already_shared":false,"jetpack_social_options":{"image_generator_settings":{"template":"highway","default_image_id":0,"font":"","enabled":false},"version":2}},"categories":[50,3,1],"tags":[],"class_list":["post-6774","post","type-post","status-publish","format-standard","has-post-thumbnail","hentry","category-machines","category-portada","category-sin-categoria"],"jetpack_publicize_connections":[],"jetpack_featured_media_url":"https:\/\/formalprision.com\/wp-content\/uploads\/2012\/07\/aaagrafiteros.jpg","jetpack_sharing_enabled":true,"jetpack_shortlink":"https:\/\/wp.me\/p6id8p-1Lg","_links":{"self":[{"href":"https:\/\/formalprision.com\/index.php?rest_route=\/wp\/v2\/posts\/6774","targetHints":{"allow":["GET"]}}],"collection":[{"href":"https:\/\/formalprision.com\/index.php?rest_route=\/wp\/v2\/posts"}],"about":[{"href":"https:\/\/formalprision.com\/index.php?rest_route=\/wp\/v2\/types\/post"}],"author":[{"embeddable":true,"href":"https:\/\/formalprision.com\/index.php?rest_route=\/wp\/v2\/users\/1"}],"replies":[{"embeddable":true,"href":"https:\/\/formalprision.com\/index.php?rest_route=%2Fwp%2Fv2%2Fcomments&post=6774"}],"version-history":[{"count":0,"href":"https:\/\/formalprision.com\/index.php?rest_route=\/wp\/v2\/posts\/6774\/revisions"}],"wp:featuredmedia":[{"embeddable":true,"href":"https:\/\/formalprision.com\/index.php?rest_route=\/wp\/v2\/media\/23648"}],"wp:attachment":[{"href":"https:\/\/formalprision.com\/index.php?rest_route=%2Fwp%2Fv2%2Fmedia&parent=6774"}],"wp:term":[{"taxonomy":"category","embeddable":true,"href":"https:\/\/formalprision.com\/index.php?rest_route=%2Fwp%2Fv2%2Fcategories&post=6774"},{"taxonomy":"post_tag","embeddable":true,"href":"https:\/\/formalprision.com\/index.php?rest_route=%2Fwp%2Fv2%2Ftags&post=6774"}],"curies":[{"name":"wp","href":"https:\/\/api.w.org\/{rel}","templated":true}]}}