{"id":67797,"date":"2018-08-25T03:22:03","date_gmt":"2018-08-25T08:22:03","guid":{"rendered":"http:\/\/formalprision.com\/?p=67797"},"modified":"2018-08-28T20:51:10","modified_gmt":"2018-08-29T01:51:10","slug":"se-mete-a-robar-a-una-casa-y-viola-a-la-duena","status":"publish","type":"post","link":"https:\/\/formalprision.com\/?p=67797","title":{"rendered":"Se mete a robar a una casa y viola a la due\u00f1a"},"content":{"rendered":"<p>Elementos de la Secretar\u00eda de Seguridad P\u00fablica detuvieron a L\u00e1zaro de Jes\u00fas Padilla Hern\u00e1ndez, quien presuntamente se meti\u00f3 a robar a un predio del centro y abus\u00f3 de una habitante de la casa.<\/p>\n<p>El sujeto presuntamente padece una enfermedad incurable y contagiosa.<\/p>\n<p>Enfrenta cargos por delitos de robo calificado, cometido con violencia y violaci\u00f3n con peligro de contagio.<\/p>\n<p>Lo procesan en el Juzgado Segundo de Control, a cargo de Ileana Georgina Dom\u00ednguez Zapata.<\/p>\n<p>Seg\u00fan se inform\u00f3, el pasado 22 de agosto, alrededor de las 4 de la madrugada, el sujeto se introdujo a un predio del centro de la ciudad, en el cual habita la denunciante de identidad reservada, donde se apoder\u00f3 de perfumes, alhajas y una maleta.<\/p>\n<p>Estaba armado con un cuchillo y amenaz\u00f3 a la mujer, la amarr\u00f3 de las mu\u00f1ecas y luego la viol\u00f3 en diversas ocasiones, amenaz\u00e1ndola con matarla si gritaba.<\/p>\n<p>Se dio a la fuga, pero la v\u00edctima pidi\u00f3 ayuda y poco despi\u00e9s se logr\u00f3 la captura del sujeto.<\/p>\n","protected":false},"excerpt":{"rendered":"<p>Elementos de la Secretar\u00eda de Seguridad P\u00fablica detuvieron a L\u00e1zaro de Jes\u00fas Padilla Hern\u00e1ndez, quien presuntamente se meti\u00f3 a robar a un predio del centro y abus\u00f3 de una habitante<\/p>\n","protected":false},"author":1,"featured_media":67798,"comment_status":"open","ping_status":"open","sticky":false,"template":"","format":"standard","meta":{"jetpack_post_was_ever_published":false,"_jetpack_newsletter_access":"","_jetpack_dont_email_post_to_subs":false,"_jetpack_newsletter_tier_id":0,"_jetpack_memberships_contains_paywalled_content":false,"_jetpack_memberships_contains_paid_content":false,"footnotes":"","jetpack_publicize_message":"","jetpack_publicize_feature_enabled":true,"jetpack_social_post_already_shared":true,"jetpack_social_options":{"image_generator_settings":{"template":"highway","default_image_id":0,"font":"","enabled":false},"version":2}},"categories":[3,1,55,54],"tags":[],"class_list":["post-67797","post","type-post","status-publish","format-standard","has-post-thumbnail","hentry","category-portada","category-sin-categoria","category-violines","category-yucatan"],"jetpack_publicize_connections":[],"jetpack_featured_media_url":"https:\/\/formalprision.com\/wp-content\/uploads\/2018\/08\/IMG_1610.jpg","jetpack_sharing_enabled":true,"jetpack_shortlink":"https:\/\/wp.me\/p6id8p-hDv","_links":{"self":[{"href":"https:\/\/formalprision.com\/index.php?rest_route=\/wp\/v2\/posts\/67797","targetHints":{"allow":["GET"]}}],"collection":[{"href":"https:\/\/formalprision.com\/index.php?rest_route=\/wp\/v2\/posts"}],"about":[{"href":"https:\/\/formalprision.com\/index.php?rest_route=\/wp\/v2\/types\/post"}],"author":[{"embeddable":true,"href":"https:\/\/formalprision.com\/index.php?rest_route=\/wp\/v2\/users\/1"}],"replies":[{"embeddable":true,"href":"https:\/\/formalprision.com\/index.php?rest_route=%2Fwp%2Fv2%2Fcomments&post=67797"}],"version-history":[{"count":0,"href":"https:\/\/formalprision.com\/index.php?rest_route=\/wp\/v2\/posts\/67797\/revisions"}],"wp:featuredmedia":[{"embeddable":true,"href":"https:\/\/formalprision.com\/index.php?rest_route=\/wp\/v2\/media\/67798"}],"wp:attachment":[{"href":"https:\/\/formalprision.com\/index.php?rest_route=%2Fwp%2Fv2%2Fmedia&parent=67797"}],"wp:term":[{"taxonomy":"category","embeddable":true,"href":"https:\/\/formalprision.com\/index.php?rest_route=%2Fwp%2Fv2%2Fcategories&post=67797"},{"taxonomy":"post_tag","embeddable":true,"href":"https:\/\/formalprision.com\/index.php?rest_route=%2Fwp%2Fv2%2Ftags&post=67797"}],"curies":[{"name":"wp","href":"https:\/\/api.w.org\/{rel}","templated":true}]}}