{"id":6786,"date":"2012-06-27T19:43:00","date_gmt":"2012-06-27T19:43:00","guid":{"rendered":"http:\/\/formalprision.info\/2012\/06\/27\/subcampeon-de-escalada-rapel-muere-a\/"},"modified":"2015-06-03T08:51:38","modified_gmt":"2015-06-03T08:51:38","slug":"subcampeon-de-escalada-rapel-muere-a","status":"publish","type":"post","link":"https:\/\/formalprision.com\/?p=6786","title":{"rendered":"Subcampe\u00f3n de escalada a rapel muere al caer de 10 metros de altura"},"content":{"rendered":"<p><\/p>\n<div style=\"background: white; border-bottom: solid windowtext 1.0pt; border: none; mso-border-bottom-alt: solid windowtext .75pt; mso-element: para-border-div; padding: 0cm 0cm 1.0pt 0cm;\">\n<div class=\"separator\" style=\"clear: both; text-align: center;\"><a href=\"http:\/\/3.bp.blogspot.com\/-tfisWJ2xOkk\/T-gCBbjC8gI\/AAAAAAAAHRs\/IqbByAolqGk\/s1600\/aaarapelines.jpg\" imageanchor=\"1\" style=\"margin-left: 1em; margin-right: 1em;\"><img loading=\"lazy\" decoding=\"async\" border=\"0\" height=\"213\" src=\"http:\/\/formalprision.com\/wp-content\/uploads\/2012\/06\/aaarapelines.jpg\" width=\"320\" \/><\/a><\/div>\n<div class=\"MsoNormal\" style=\"background-color: white; background-position: initial initial; background-repeat: initial initial; border: none; margin-bottom: 7.65pt; padding: 0cm;\">Un subcampe\u00f3n de escalada a rapel &nbsp;del Distrito Federal falleci\u00f3 en M\u00e9rida al caer de 10 metros de altura.<\/div>\n<div class=\"MsoNormal\" style=\"background-color: white; background-position: initial initial; background-repeat: initial initial; border: none; margin-bottom: 7.65pt; padding: 0cm;\">El ahora occiso desarmaba una pared de rapel que se uso en un evento en esta ciudad.<\/div>\n<div class=\"MsoNormal\" style=\"background-color: white; background-position: initial initial; background-repeat: initial initial; border: none; margin-bottom: 7.65pt; padding: 0cm;\">Se le identific\u00f3 como&nbsp; Javier Rub\u00e9n Canch\u00e9 del toro, oriundo del D.F.<\/div>\n<div class=\"MsoNormal\" style=\"background-color: white; background-position: initial initial; background-repeat: initial initial; border: none; margin-bottom: 7.65pt; padding: 0cm;\">Fue subcampe\u00f3n Nacional de Escalada en 2006, en la ciudad de M\u00e9xico, cuando solo fue superado por Miguel Angel Hern\u00e1ndez Medina.<\/div>\n<div class=\"MsoNormal\" style=\"background-color: white; background-position: initial initial; background-repeat: initial initial; border: none; margin-bottom: 7.65pt; padding: 0cm;\">Antonio Pacheco M\u00e1rquez, amigo del fallecido, dijo a las autoridades que el trabajador &nbsp;estaba desarmando unos andamios que sirvieron para un evento de \u201crapel\u201d, cuando \u00e9ste resbal\u00f3 y cay\u00f3 de una altura de 10 metros.<\/div>\n<div class=\"MsoNormal\" style=\"background-color: white; background-position: initial initial; background-repeat: initial initial; border: none; margin-bottom: 7.65pt; padding: 0cm;\">Fue llevado de urgencia a la Cl\u00ednica Star M\u00e9dica, pero muri\u00f3 despu\u00e9s.<\/div>\n<div class=\"MsoNormal\" style=\"background-color: white; background-position: initial initial; background-repeat: initial initial; border: none; margin-bottom: 7.65pt; padding: 0cm;\">La causa de la muerte fue por choque traum\u00e1tico y hemorr\u00e1gico consecuente a politraumatismo<\/div>\n<div class=\"MsoNormal\" style=\"background-color: white; background-position: initial initial; background-repeat: initial initial; border: none; margin-bottom: 7.65pt; padding: 0cm;\"><\/div>\n<\/div>\n","protected":false},"excerpt":{"rendered":"<p>Un subcampe\u00f3n de escalada a rapel &nbsp;del Distrito Federal falleci\u00f3 en M\u00e9rida al caer de 10 metros de altura. El ahora occiso desarmaba una pared de rapel que se uso<\/p>\n","protected":false},"author":1,"featured_media":23672,"comment_status":"open","ping_status":"open","sticky":false,"template":"","format":"standard","meta":{"jetpack_post_was_ever_published":false,"_jetpack_newsletter_access":"","_jetpack_dont_email_post_to_subs":false,"_jetpack_newsletter_tier_id":0,"_jetpack_memberships_contains_paywalled_content":false,"_jetpack_memberships_contains_paid_content":false,"footnotes":"","jetpack_publicize_message":"","jetpack_publicize_feature_enabled":true,"jetpack_social_post_already_shared":false,"jetpack_social_options":{"image_generator_settings":{"template":"highway","default_image_id":0,"font":"","enabled":false},"version":2}},"categories":[44,3,1],"tags":[],"class_list":["post-6786","post","type-post","status-publish","format-standard","has-post-thumbnail","hentry","category-morgue","category-portada","category-sin-categoria"],"jetpack_publicize_connections":[],"jetpack_featured_media_url":"https:\/\/formalprision.com\/wp-content\/uploads\/2012\/06\/aaarapelines.jpg","jetpack_sharing_enabled":true,"jetpack_shortlink":"https:\/\/wp.me\/p6id8p-1Ls","_links":{"self":[{"href":"https:\/\/formalprision.com\/index.php?rest_route=\/wp\/v2\/posts\/6786","targetHints":{"allow":["GET"]}}],"collection":[{"href":"https:\/\/formalprision.com\/index.php?rest_route=\/wp\/v2\/posts"}],"about":[{"href":"https:\/\/formalprision.com\/index.php?rest_route=\/wp\/v2\/types\/post"}],"author":[{"embeddable":true,"href":"https:\/\/formalprision.com\/index.php?rest_route=\/wp\/v2\/users\/1"}],"replies":[{"embeddable":true,"href":"https:\/\/formalprision.com\/index.php?rest_route=%2Fwp%2Fv2%2Fcomments&post=6786"}],"version-history":[{"count":0,"href":"https:\/\/formalprision.com\/index.php?rest_route=\/wp\/v2\/posts\/6786\/revisions"}],"wp:featuredmedia":[{"embeddable":true,"href":"https:\/\/formalprision.com\/index.php?rest_route=\/wp\/v2\/media\/23672"}],"wp:attachment":[{"href":"https:\/\/formalprision.com\/index.php?rest_route=%2Fwp%2Fv2%2Fmedia&parent=6786"}],"wp:term":[{"taxonomy":"category","embeddable":true,"href":"https:\/\/formalprision.com\/index.php?rest_route=%2Fwp%2Fv2%2Fcategories&post=6786"},{"taxonomy":"post_tag","embeddable":true,"href":"https:\/\/formalprision.com\/index.php?rest_route=%2Fwp%2Fv2%2Ftags&post=6786"}],"curies":[{"name":"wp","href":"https:\/\/api.w.org\/{rel}","templated":true}]}}